{"id":971,"date":"2022-09-06T18:13:49","date_gmt":"2022-09-06T18:13:49","guid":{"rendered":"https:\/\/www.stopspalarni.pl\/?p=971"},"modified":"2022-09-06T18:13:49","modified_gmt":"2022-09-06T18:13:49","slug":"chcemy-powolania-komisji-parlamentarnej-w-sprawie-spalarni","status":"publish","type":"post","link":"https:\/\/www.stopspalarni.pl\/index.php\/2022\/09\/06\/chcemy-powolania-komisji-parlamentarnej-w-sprawie-spalarni\/","title":{"rendered":"Chcemy powo\u0142ania komisji parlamentarnej w sprawie spalarni!"},"content":{"rendered":"\n<p>STOP spalarniom \u015bmieci! \u26d4\ufe0f\ud83c\udfed\ud83d\udd25 Chcemy powo\u0142ania komisji parlamentarnej w sprawie spalarni. Mamy ju\u017c poparcie poselskie, wkr\u00f3tce wniosek w tej sprawie. \ud83d\udcaa<\/p>\n\n\n\n<p>Wsp\u00f3lnie z inicjatyw\u0105 STOP Spalarni \u015amieci w Bielsku-Bia\u0142ej i innymi ruchami antyspalarnianymi, podj\u0119li\u015bmy decyzj\u0119 o zintensyfikowaniu dzia\u0142a\u0144 na szczeblu krajowym. Wszyscy doskonale wiemy, \u017ce walczymy w tej samej sprawie i jak ta walka wygl\u0105da. Nierzadko jeste\u015bmy przedstawiani jako &#8222;nieliczna&#8221; grupa mieszka\u0144c\u00f3w, kt\u00f3ra nie ma poj\u0119cia o czym m\u00f3wi. Czas sko\u0144czy\u0107 z udawanymi konsultacjami, z deprecjonowaniem strony obywatelskiej i zacz\u0105\u0107 m\u00f3wi\u0107 wsp\u00f3lnym, silnym g\u0142osem.<\/p>\n\n\n\n<p>Dzi\u0119ki wsparciu pos\u0142\u00f3w popieraj\u0105cych nasze dzia\u0142ania, b\u0119dziemy zabiega\u0107 o powo\u0142anie komisji sejomowo-senackiej jesieni\u0105 bie\u017c\u0105cego roku. Planujemy wykorzysta\u0107 to wydarzenie do zorganizowania konferencji prasowej z udzia\u0142em medi\u00f3w krajowych, os\u00f3b publicznych i organizacji nas wspieraj\u0105cych.<\/p>\n\n\n\n<p>\u27a1\ufe0f Wi\u0119cej na ten temat:<br><a href=\"https:\/\/instytutsprawobywatelskich.pl\/stop-spalarniom-smieci-czas-na-komisje-parlamentarna-dolacz-do-nas\/\">https:\/\/instytutsprawobywatelskich.pl\/stop-spalarniom-smieci-czas-na-komisje-parlamentarna-dolacz-do-nas\/<\/a><\/p>\n","protected":false},"excerpt":{"rendered":"<p>STOP spalarniom \u015bmieci! \u26d4\ufe0f\ud83c\udfed\ud83d\udd25 Chcemy powo\u0142ania komisji parlamentarnej w sprawie spalarni. Mamy ju\u017c poparcie poselskie, wkr\u00f3tce wniosek w tej sprawie. \ud83d\udcaa Wsp\u00f3lnie z inicjatyw\u0105 STOP Spalarni \u015amieci w Bielsku-Bia\u0142ej i innymi ruchami antyspalarnianymi, podj\u0119li\u015bmy decyzj\u0119 o zintensyfikowaniu dzia\u0142a\u0144 na szczeblu krajowym. Wszyscy doskonale wiemy, \u017ce walczymy w tej samej sprawie i jak ta walka wygl\u0105da. [&hellip;]<\/p>\n","protected":false},"author":1,"featured_media":972,"comment_status":"closed","ping_status":"open","sticky":false,"template":"","format":"standard","meta":{"_et_pb_use_builder":"","_et_pb_old_content":"","_et_gb_content_width":"","footnotes":""},"categories":[1],"tags":[],"class_list":["post-971","post","type-post","status-publish","format-standard","has-post-thumbnail","hentry","category-uncategorized"],"_links":{"self":[{"href":"https:\/\/www.stopspalarni.pl\/index.php\/wp-json\/wp\/v2\/posts\/971","targetHints":{"allow":["GET"]}}],"collection":[{"href":"https:\/\/www.stopspalarni.pl\/index.php\/wp-json\/wp\/v2\/posts"}],"about":[{"href":"https:\/\/www.stopspalarni.pl\/index.php\/wp-json\/wp\/v2\/types\/post"}],"author":[{"embeddable":true,"href":"https:\/\/www.stopspalarni.pl\/index.php\/wp-json\/wp\/v2\/users\/1"}],"replies":[{"embeddable":true,"href":"https:\/\/www.stopspalarni.pl\/index.php\/wp-json\/wp\/v2\/comments?post=971"}],"version-history":[{"count":1,"href":"https:\/\/www.stopspalarni.pl\/index.php\/wp-json\/wp\/v2\/posts\/971\/revisions"}],"predecessor-version":[{"id":973,"href":"https:\/\/www.stopspalarni.pl\/index.php\/wp-json\/wp\/v2\/posts\/971\/revisions\/973"}],"wp:featuredmedia":[{"embeddable":true,"href":"https:\/\/www.stopspalarni.pl\/index.php\/wp-json\/wp\/v2\/media\/972"}],"wp:attachment":[{"href":"https:\/\/www.stopspalarni.pl\/index.php\/wp-json\/wp\/v2\/media?parent=971"}],"wp:term":[{"taxonomy":"category","embeddable":true,"href":"https:\/\/www.stopspalarni.pl\/index.php\/wp-json\/wp\/v2\/categories?post=971"},{"taxonomy":"post_tag","embeddable":true,"href":"https:\/\/www.stopspalarni.pl\/index.php\/wp-json\/wp\/v2\/tags?post=971"}],"curies":[{"name":"wp","href":"https:\/\/api.w.org\/{rel}","templated":true}]}}