{"id":890,"date":"2022-07-19T21:30:00","date_gmt":"2022-07-19T21:30:00","guid":{"rendered":"https:\/\/www.stopspalarni.pl\/?p=890"},"modified":"2022-08-05T21:47:00","modified_gmt":"2022-08-05T21:47:00","slug":"mija-428-dzien-naszego-protestu","status":"publish","type":"post","link":"https:\/\/www.stopspalarni.pl\/index.php\/2022\/07\/19\/mija-428-dzien-naszego-protestu\/","title":{"rendered":"Mija 428 dzie\u0144 naszego protestu"},"content":{"rendered":"\n<p>Zamiar budowy spalarni \u015bmieci przez Fortum wzburzy\u0142 tysi\u0105ce os\u00f3b. W\u015br\u00f3d nich tak\u017ce dzieci z Zespo\u0142u Szkolno-Przedszkolnego nr 23 na Paw\u0142owicach, kt\u00f3re rok temu wzi\u0119\u0142y udzia\u0142 w konkursie plastycznym. P\u00f3\u017aniej do\u0142\u0105czy\u0142y dzieci z innych plac\u00f3wek.<br><br>Rysunki dzieci sta\u0142y si\u0119 przyczynkiem do uruchomienia akcji, kt\u00f3rej celem by\u0142o zwr\u00f3cenie uwagi decydent\u00f3w na problematyk\u0119 szkodliwo\u015bci spalarni \u015bmieci, w tym negatywnego wp\u0142ywu emisji z komina na \u017cycie najm\u0142odszych wroc\u0142awian. Wybrzmia\u0142a r\u00f3wnie\u017c pro\u015bba rodzic\u00f3w o pomoc w powstrzymaniu tej instalacji. Prace wraz z pismem przewodnim by\u0142y wysy\u0142ane do Prezydenta Wroc\u0142awia Jacka Sutryka, dyrektor\u00f3w departament\u00f3w Urz\u0119du Miejskiego oraz W\u00f3jta Gmina Wisznia Ma\u0142a Jakuba Bronowickiego.<br><br>Po tych 428 dniach mo\u017cna odnie\u015b\u0107 wra\u017cenie, \u017ce lokalni samorz\u0105dowcy umyli r\u0119ce wobec sprawy spalarni. Prezydent Wroc\u0142awia od miesi\u0119cy stoi na stanowisku, \u017ce skoro jednoznacznie przeciwstawi\u0142 si\u0119 budowie spalarni to na tym jego rola i mo\u017cliwo\u015bci si\u0119 ko\u0144cz\u0105. W\u00f3jt Gminy Wisznia Ma\u0142a z kolei nie chce wywi\u0105za\u0107 si\u0119 z publicznych obietnic zmiany miejscowego planu.<br><br>Z samorz\u0105dowcami czy bez nich nie poddamy si\u0119 jednak. Nie spoczniemy dop\u00f3ki definitywnie nie zablokujemy tej szkodliwej instalacji. Poruszymy niebo i ziemi\u0119, wykorzystamy wszystkie mo\u017cliwo\u015bci. Aktualnie szykujemy zawiadomienie do UOKiK ws. naruszenia przez Fortum Power and Heat Polska zbiorowych interes\u00f3w konsument\u00f3w, okre\u015blonych w art. 24 ustawy z dnia 16 lutego 2007 r. o ochronie konkurencji i konsument\u00f3w, poprzez d\u0142ugotrwa\u0142e, wielokrotne i umy\u015blne naruszenie obowi\u0105zku udzielania konsumentom rzetelnej, prawdziwej i pe\u0142nej informacji.<br><br>Wi\u0119cej szczeg\u00f3\u0142\u00f3w wkr\u00f3tce!<\/p>\n","protected":false},"excerpt":{"rendered":"<p>Zamiar budowy spalarni \u015bmieci przez Fortum wzburzy\u0142 tysi\u0105ce os\u00f3b. W\u015br\u00f3d nich tak\u017ce dzieci z Zespo\u0142u Szkolno-Przedszkolnego nr 23 na Paw\u0142owicach, kt\u00f3re rok temu wzi\u0119\u0142y udzia\u0142 w konkursie plastycznym. P\u00f3\u017aniej do\u0142\u0105czy\u0142y dzieci z innych plac\u00f3wek. Rysunki dzieci sta\u0142y si\u0119 przyczynkiem do uruchomienia akcji, kt\u00f3rej celem by\u0142o zwr\u00f3cenie uwagi decydent\u00f3w na problematyk\u0119 szkodliwo\u015bci spalarni \u015bmieci, w tym [&hellip;]<\/p>\n","protected":false},"author":1,"featured_media":891,"comment_status":"closed","ping_status":"open","sticky":false,"template":"","format":"standard","meta":{"_et_pb_use_builder":"","_et_pb_old_content":"","_et_gb_content_width":"","footnotes":""},"categories":[1],"tags":[],"class_list":["post-890","post","type-post","status-publish","format-standard","has-post-thumbnail","hentry","category-uncategorized"],"_links":{"self":[{"href":"https:\/\/www.stopspalarni.pl\/index.php\/wp-json\/wp\/v2\/posts\/890","targetHints":{"allow":["GET"]}}],"collection":[{"href":"https:\/\/www.stopspalarni.pl\/index.php\/wp-json\/wp\/v2\/posts"}],"about":[{"href":"https:\/\/www.stopspalarni.pl\/index.php\/wp-json\/wp\/v2\/types\/post"}],"author":[{"embeddable":true,"href":"https:\/\/www.stopspalarni.pl\/index.php\/wp-json\/wp\/v2\/users\/1"}],"replies":[{"embeddable":true,"href":"https:\/\/www.stopspalarni.pl\/index.php\/wp-json\/wp\/v2\/comments?post=890"}],"version-history":[{"count":1,"href":"https:\/\/www.stopspalarni.pl\/index.php\/wp-json\/wp\/v2\/posts\/890\/revisions"}],"predecessor-version":[{"id":892,"href":"https:\/\/www.stopspalarni.pl\/index.php\/wp-json\/wp\/v2\/posts\/890\/revisions\/892"}],"wp:featuredmedia":[{"embeddable":true,"href":"https:\/\/www.stopspalarni.pl\/index.php\/wp-json\/wp\/v2\/media\/891"}],"wp:attachment":[{"href":"https:\/\/www.stopspalarni.pl\/index.php\/wp-json\/wp\/v2\/media?parent=890"}],"wp:term":[{"taxonomy":"category","embeddable":true,"href":"https:\/\/www.stopspalarni.pl\/index.php\/wp-json\/wp\/v2\/categories?post=890"},{"taxonomy":"post_tag","embeddable":true,"href":"https:\/\/www.stopspalarni.pl\/index.php\/wp-json\/wp\/v2\/tags?post=890"}],"curies":[{"name":"wp","href":"https:\/\/api.w.org\/{rel}","templated":true}]}}