{"id":509,"date":"2022-03-29T17:51:58","date_gmt":"2022-03-29T17:51:58","guid":{"rendered":"https:\/\/www.stopspalarni.pl\/?p=509"},"modified":"2022-03-29T17:51:59","modified_gmt":"2022-03-29T17:51:59","slug":"hipokryzja-wlodarzy-najwiekszych-polskich-miast","status":"publish","type":"post","link":"https:\/\/www.stopspalarni.pl\/index.php\/2022\/03\/29\/hipokryzja-wlodarzy-najwiekszych-polskich-miast\/","title":{"rendered":"Hipokryzja w\u0142odarzy najwi\u0119kszych polskich miast"},"content":{"rendered":"\n<p>Z jednej strony troska o klimat, z drugiej forsowanie spalarni \u015bmieci. \ud83c\udfed\ud83d\udd25<br><br>\u27a1\ufe0f Unia Metropolii Polskich (zrzeszaj\u0105ca m.in. Wroc\u0142aw) zwr\u00f3ci\u0142a si\u0119 do Komisji Europejskiej o wy\u0142\u0105czenie spalarni z systemu op\u0142at CO2. <br>\u27a1\ufe0f Tymczasem UE w dw\u00f3ch dyrektywach jednoznacznie stwierdza, \u017ce spalarnie odpad\u00f3w wyrz\u0105dzaj\u0105 powa\u017cne szkody \u015brodowiskowe i nie wpisuj\u0105 si\u0119 w gospodark\u0119 o obiegu zamkni\u0119tym, s\u0105 gorsze nawet ni\u017c sk\u0142adowanie.<br>\u27a1\ufe0f Stanowisko w\u0142odarzy najwi\u0119kszych polskich miast jest szokuj\u0105ce i stoi w sprzeczno\u015bci z ich w\u0142asnymi deklaracjami.<br><br>Wroc\u0142aw by\u0142 pierwszym polskim miastem, kt\u00f3re og\u0142osi\u0142o alarm klimatyczny. \u0141\u00f3d\u017a jest gospodarzem pierwszego Samorz\u0105dowego Kongresu Klimatycznego. W\u0142odarze tych i innych miast z wielk\u0105 trosk\u0105 wypowiadaj\u0105 si\u0119 o zmianach klimatu, o \u015brodowisku i przysz\u0142o\u015bci naszej planety. Prezydent \u0141odzi Hanna Zdanowska w kwietniu 2021 roku zosta\u0142a nawet ambasadorem Unii Europejskiej do spraw klimatu.<br><br>Tymczasem pod tymi zatroskanymi maskami mamy rzeczywiste dzia\u0142ania (albo ich brak &#8211; jak w przypadku Wroc\u0142awia), kt\u00f3re prowadz\u0105 do budowy kolejnych spalarni \u015bmieci. Szacuje si\u0119, \u017ce samorz\u0105dowcy, do sp\u00f3\u0142ki z prywatnymi firmami i przychylnym spalarniom rz\u0105dem, chc\u0105 ich wybudowa\u0107 oko\u0142o 100!<br><br>Kilka dni temu Unia Metropolii Polskich (zrzeszaj\u0105ca m.in. miasto Wroc\u0142aw) zwr\u00f3ci\u0142a si\u0119 do Komisji Europejskiej o w\u0142\u0105czenie spalarni odpad\u00f3w do systemu Taksonomii oraz ich wy\u0142\u0105czenia (r\u00f3wnie\u017c w przysz\u0142o\u015bci) z systemu srogich op\u0142at za emisje CO2 (ETS). To stanowisko szokuje, bowiem Unia Europejska w dyrektywie 2020\/852 (dotycz\u0105cej tzw. Taksonomii), jednoznacznie stwierdza, \u017ce spalarnie odpad\u00f3w wyrz\u0105dzaj\u0105 powa\u017cne szkody \u015brodowiskowe i nie wpisuj\u0105 si\u0119 w gospodark\u0119 o obiegu zamkni\u0119tym. W Dyrektywie UE 2018\/850 spalarnie s\u0105 wprost klasyfikowane jako rozwi\u0105zanie gorsze nawet ni\u017c sk\u0142adowanie.<br><br>\u203c\ufe0f Forsowanie spalarni \u015bmieci to wi\u0119c dzia\u0142anie na szkod\u0119 \u015brodowiska i klimatu.<br><br>Spalarnie to nie tylko najgorszy mo\u017cliwy, ale i NAJDRO\u017bSZY spos\u00f3b zagospodarowywania odpad\u00f3w. Zamiast spala\u0107 nale\u017cy zaj\u0105\u0107 si\u0119 problemem u \u017ar\u00f3d\u0142a &#8211; redukowa\u0107 ilo\u015b\u0107 wytwarzanych odpad\u00f3w (poprzez system kaucyjny, ROP), poprawia\u0107 sortowanie i recykling.<br><br>Radykalne zwi\u0119kszenie poziomu recyklingu mo\u017cna osi\u0105gn\u0105\u0107 poprzez budow\u0119 biokompostowni, czyli instalacji do zagospodarowania bioodpad\u00f3w kuchennych oraz zielonych, kt\u00f3te stanowi\u0105 30-40% wszystkich odpad\u00f3w komunalnych. Inaczej czekaj\u0105 nas kary za brak realizacji Dyrektywy UE 2018\/851. To wszystko w\u0142odarze najwi\u0119kszych polskich miast kompletnie ignoruj\u0105, \u0142ami\u0105c nawet w\u0142asne o\u015bwiadczenia sprzeciwiaj\u0105ce si\u0119 budowie spalarni.<br><br>Takie o\u015bwiadczenie kilkukrotnie sk\u0142ada\u0142 Prezydent Wroc\u0142awia Jacek Sutryk. Co wi\u0119cej, nie s\u0105 zainteresowani rozwi\u0105zaniami, kt\u00f3re mog\u0142yby usprawni\u0107 gospodark\u0119 odpadami komunalnymi. W czerwcu ub.r., wsp\u00f3lnie z polskimi i europejskimi organizacjami ekologicznymi, z\u0142o\u017cyli propozycj\u0119 bezp\u0142atnej pomocy przy wdra\u017caniu zero waste dla Wroc\u0142awia tj. opracowanie analizy obecnego stanu gospodarki odpadami wraz z propozycj\u0105 rozwi\u0105za\u0144 wariantowych, a przy zaanga\u017cowaniu finansowym ze strony miasta tak\u017ce pomoc eksperck\u0105, pomoc w opracowaniu wniosk\u00f3w na dofinansowanie systemu z funduszy publicznych. Na ww. propozycj\u0119 nawet nie otrzymali\u015bmy odpowiedzi&#8230;<br><br>Zbli\u017caj\u0105 si\u0119 wybory samorz\u0105dowe. Warto w\u00f3wczas o tym wszystkim pami\u0119ta\u0107&#8230; <br><br>\u27a1\ufe0f UMP o spalarniach:<br><a href=\"https:\/\/metropolie.pl\/artykul\/ump-o-taksonomii-instalacji-termicznego-przeksztalcania-odpadow-komunalnych\">https:\/\/metropolie.pl\/artykul\/ump-o-taksonomii-instalacji-termicznego-przeksztalcania-odpadow-komunalnych<\/a><br><br>\u27a1\ufe0f Co zamiast spalarni:<br><a href=\"https:\/\/www.facebook.com\/stopspalarni.wro\/posts\/117868663831617\">https:\/\/www.facebook.com\/stopspalarni.wro\/posts\/117868663831617<\/a><br><br>\u27a1\ufe0f Nie r\u00f3bcie nas w konia!:<br><a href=\"https:\/\/instytutsprawobywatelskich.pl\/nie-robcie-nas-w-konia-2\/\">https:\/\/instytutsprawobywatelskich.pl\/nie-robcie-nas-w-konia-2\/<\/a><br><br>\u27a1\ufe0f Zjednoczony sprzeciw samorz\u0105dowc\u00f3w:<br><a href=\"https:\/\/www.facebook.com\/stopspalarni.wro\/posts\/207000098251806\">https:\/\/www.facebook.com\/stopspalarni.wro\/posts\/207000098251806<\/a><\/p>\n","protected":false},"excerpt":{"rendered":"<p>Z jednej strony troska o klimat, z drugiej forsowanie spalarni \u015bmieci. \ud83c\udfed\ud83d\udd25 \u27a1\ufe0f Unia Metropolii Polskich (zrzeszaj\u0105ca m.in. Wroc\u0142aw) zwr\u00f3ci\u0142a si\u0119 do Komisji Europejskiej o wy\u0142\u0105czenie spalarni z systemu op\u0142at CO2. \u27a1\ufe0f Tymczasem UE w dw\u00f3ch dyrektywach jednoznacznie stwierdza, \u017ce spalarnie odpad\u00f3w wyrz\u0105dzaj\u0105 powa\u017cne szkody \u015brodowiskowe i nie wpisuj\u0105 si\u0119 w gospodark\u0119 o obiegu zamkni\u0119tym, [&hellip;]<\/p>\n","protected":false},"author":1,"featured_media":510,"comment_status":"closed","ping_status":"open","sticky":false,"template":"","format":"standard","meta":{"_et_pb_use_builder":"","_et_pb_old_content":"","_et_gb_content_width":"","footnotes":""},"categories":[1],"tags":[],"class_list":["post-509","post","type-post","status-publish","format-standard","has-post-thumbnail","hentry","category-uncategorized"],"_links":{"self":[{"href":"https:\/\/www.stopspalarni.pl\/index.php\/wp-json\/wp\/v2\/posts\/509","targetHints":{"allow":["GET"]}}],"collection":[{"href":"https:\/\/www.stopspalarni.pl\/index.php\/wp-json\/wp\/v2\/posts"}],"about":[{"href":"https:\/\/www.stopspalarni.pl\/index.php\/wp-json\/wp\/v2\/types\/post"}],"author":[{"embeddable":true,"href":"https:\/\/www.stopspalarni.pl\/index.php\/wp-json\/wp\/v2\/users\/1"}],"replies":[{"embeddable":true,"href":"https:\/\/www.stopspalarni.pl\/index.php\/wp-json\/wp\/v2\/comments?post=509"}],"version-history":[{"count":1,"href":"https:\/\/www.stopspalarni.pl\/index.php\/wp-json\/wp\/v2\/posts\/509\/revisions"}],"predecessor-version":[{"id":511,"href":"https:\/\/www.stopspalarni.pl\/index.php\/wp-json\/wp\/v2\/posts\/509\/revisions\/511"}],"wp:featuredmedia":[{"embeddable":true,"href":"https:\/\/www.stopspalarni.pl\/index.php\/wp-json\/wp\/v2\/media\/510"}],"wp:attachment":[{"href":"https:\/\/www.stopspalarni.pl\/index.php\/wp-json\/wp\/v2\/media?parent=509"}],"wp:term":[{"taxonomy":"category","embeddable":true,"href":"https:\/\/www.stopspalarni.pl\/index.php\/wp-json\/wp\/v2\/categories?post=509"},{"taxonomy":"post_tag","embeddable":true,"href":"https:\/\/www.stopspalarni.pl\/index.php\/wp-json\/wp\/v2\/tags?post=509"}],"curies":[{"name":"wp","href":"https:\/\/api.w.org\/{rel}","templated":true}]}}