{"id":388,"date":"2022-01-17T20:50:00","date_gmt":"2022-01-17T20:50:00","guid":{"rendered":"https:\/\/www.stopspalarni.pl\/?p=388"},"modified":"2022-01-20T20:16:21","modified_gmt":"2022-01-20T20:16:21","slug":"spalarnie-beda-placic-za-emisje-co2","status":"publish","type":"post","link":"https:\/\/www.stopspalarni.pl\/index.php\/2022\/01\/17\/spalarnie-beda-placic-za-emisje-co2\/","title":{"rendered":"Spalarnie b\u0119d\u0105 p\u0142aci\u0107 za emisje CO2"},"content":{"rendered":"\n<p>&#8230; pytanie tylko od kiedy. Spalanie \u015bmieci ju\u017c jest najdro\u017csz\u0105 metod\u0105 utylizacji odpad\u00f3w. A b\u0119dzie jeszcze dro\u017cej, bo emisje CO2 ze spalarni pr\u0119dzej czy p\u00f3\u017aniej zostan\u0105 ob\u0142o\u017cone s\u0142onymi op\u0142atami. Prawdopodobnie stanie si\u0119 to w 2028 r. Je\u017celi budowa spalarni dojdzie do skutku, koszty poniesiemy wszyscy w rachunkach za odbi\u00f3r \u015bmieci. Czy trzeba wi\u0119cej argument\u00f3w, \u017ce to \u015blepa uliczka?<br><br>\u27a1\ufe0f Ceny za emisj\u0119 dwutlenku w\u0119gla b\u0119d\u0105 ros\u0142y w Unii Europejskiej, dlatego \u017ce Unia Europejska odchodzi od spalania.<br>\u27a1\ufe0f Stawki ze ka\u017cd\u0105 ton\u0119 emisji CO2 si\u0119gaj\u0105 86 euro, doj\u015bcie do 100 euro jest kwesti\u0105 czasu.<br>\u27a1\ufe0f Dotychczas emisje CO2 ze spalarni by\u0142y zwolnione z op\u0142at, to jednak si\u0119 zmieni najprawdopodobniej ju\u017c od 2028 roku.<br>\u27a1\ufe0f Spalenie 1 tony plastiku wi\u0105\u017ce si\u0119 z emisj\u0105 a\u017c 2,9 ton dwutlenku w\u0119gla do atmosfery.<br><br>Wok\u00f3\u0142 spalarni \u015bmieci nadal kr\u0105\u017cy wiele mit\u00f3w. Jednym z najwi\u0119kszych jest, \u017ce budowa spalarni spowodowa\u0142aby spadek op\u0142at za odbi\u00f3r \u015bmieci. Nic bardziej mylnego &#8211; spalarnie to nie instytucje charytatywne. Za odbi\u00f3r \u015bmieci do spalenia ka\u017c\u0105 sobie s\u0142ono p\u0142aci\u0107 &#8211; zwykle do ponad 300 do oko\u0142o 1000 z\u0142 za ka\u017cd\u0105 ton\u0119.*<br><br>W istocie spalarnie odpad\u00f3w s\u0105 wi\u0119c najdro\u017csz\u0105 form\u0105 utylizacji \u015bmieci, a koszty ponosz\u0105 mieszka\u0144cy w rachunkach za odbi\u00f3r odpad\u00f3w. Tam gdzie ze spalarni\u0105 mia\u0142o by\u0107 taniej, jest dro\u017cej. A b\u0119dzie jeszcze dro\u017cej&#8230;<br><br>Jak donosi Pawe\u0142 G\u0142uszy\u0144ski z Towarzystwa na rzecz Ziemi, europos\u0142owie wprowadzili poprawk\u0119 do aktualizowanych przepis\u00f3w Dyrektywy 2003\/87\/EC, kt\u00f3ra spowoduje w\u0142\u0105czenie od 1 stycznia 2028 r. spalarni odpad\u00f3w innych ni\u017c niebezpieczne do europejskiego handlu emisjami CO2 (EU ETS).<br><br>Podobnie jak w przypadku innych instalacji wytwarzaj\u0105cych energi\u0119, systemem zosta\u0142by obj\u0119te spalarnie o mocy ponad 20 MW, czyli o wydajno\u015bci powy\u017cej 64 000 ton spalanych odpad\u00f3w na rok.<br><br>Obj\u0119cie emisji CO2 ze spalania odpad\u00f3w jeszcze nie jest zatwierdzone, ale wydaje si\u0119 pewne. Pytanie tylko od kiedy.<br>Ju\u017c na samym pocz\u0105tku naszego protestu, w lipcu ub.r., Krzysztof Smolnicki, prezes Fundacji EkoRozwoju i lider Dolno\u015bl\u0105skiego Alarmu Smogowego, ostrzega\u0142, \u017ce &#8222;ceny za emisj\u0119 dwutlenku w\u0119gla b\u0119d\u0105 ros\u0142y w Unii Europejskiej, dlatego \u017ce Unia Europejska odchodzi od spalania. I ta inwestycja (spalarnia &#8211; dop.) stwarza zagro\u017cenie ekonomiczne.&#8221;<br><br>Tymczasem spalenie 1 tony plastiku wi\u0105\u017ce si\u0119 z emisj\u0105 a\u017c 2,9 ton dwutlenku w\u0119gla do atmosfery. Nawet zak\u0142adaj\u0105c, \u017ce zostanie utrzymana kreatywna ksi\u0119gowo\u015b\u0107 w liczeniu emisji CO2 ze spalania odpad\u00f3w (obecnie tylko cz\u0119\u015b\u0107 jest &#8222;liczona&#8221;) to nie ulega w\u0105tpliwo\u015bci, \u017ce koszty utylizacji odpad\u00f3w przez ich spalanie znacznie wzrosn\u0105 &#8211; o przynajmniej kilkaset z\u0142otych za ton\u0119.<br><br>Spalarnie uderz\u0105 nas te\u017c po kieszeni w inny spos\u00f3b &#8211; bo za niespe\u0142nienie cel\u00f3w recyklingu czekaj\u0105 nas kary. A spalarnie rozleniwiaj\u0105 &#8211; po co recyklingowa\u0107 skoro mo\u017cna po prostu spali\u0107? Jak pisa\u0142 w grudniu Dziennik Gazeta Prawna, &#8222;w zesz\u0142ym roku do spalenia trafi\u0142o ponad 48 proc. wszystkich zagospodarowanych odpad\u00f3w komunalnych pochodz\u0105cych z obszaru Poznania. Miastu nie uda\u0142o si\u0119 tak\u017ce osi\u0105gn\u0105\u0107 wymaganego poziomu recyklingu, kt\u00f3ry w 2020 r. wynosi\u0142 50 proc.&#8221;<br>Za wszystko to, za indolencj\u0119 decydent\u00f3w i \u015blep\u0105 \u017c\u0105dz\u0119 zysk\u00f3w lobby spalarnianego, zap\u0142acimy w rachunkach za odbi\u00f3r \u015bmieci. Oby nie.<br><br>Powinni\u015bmy skupi\u0107 si\u0119 na:<br><br>\u267b\ufe0f redukcji ilo\u015bci wytwarzanych odpad\u00f3w (m.in. poprzez system rozszerzonej odpowiedzialno\u015bci producenta)<br>\u267b\ufe0f ponownym u\u017cywaniu (w czym mo\u017ce pom\u00f3c m.in. powszechny system kaucyjny na opakowania)<br>\u267b\ufe0f recyklingu (czemu nale\u017cy pomaga\u0107 lepszym sortowaniem na poszczeg\u00f3lne frakcje i minimalizowaniem odpad\u00f3w zmieszanych).<br><br>Budowa\u0107 powinni\u015bmy za\u015b biokompostownie, a nie spalarnie, poniewa\u017c bioodpady kuchenne i zielone stanowi\u0105 a\u017c 30-40% ca\u0142ej masy wytwarzanych odpad\u00f3w komunalnych. Przekszta\u0142canie ich w kompost i biogaz jest najszybsz\u0105 drog\u0105 do osi\u0105gni\u0119cia wyznaczonych cel\u00f3w recyklingu. To przy tym znacznie ta\u0144sze, bo za cen\u0119 jednej spalarni mo\u017cna wybudowa\u0107 kilkadziesi\u0105t biokompostowni.<br><br>\u27a1\ufe0f Wi\u0119cej na temat planowanych zmian:<br><a href=\"https:\/\/www.facebook.com\/groups\/spalarnie\/posts\/974721893144202\/\">https:\/\/www.facebook.com\/groups\/spalarnie\/posts\/974721893144202\/<\/a><br><br>\u27a1\ufe0f Wesprzyj nasze dzia\u0142ania!<br><a href=\"ttps:\/\/zrzutka.pl\/fygwaw\">h<a href=\"ttps:\/\/zrzutka.pl\/fygwaw\">ttps:\/\/zrzutka.pl\/fy<\/a>gwaw<\/a><br><br>&#8212;<br><br>* &#8211; pozornie ni\u017csze stawki obowi\u0105zuj\u0105 w przypadku instalacji dotowanych przez samorz\u0105dy, ale to z\u0142udne, bo te wcze\u015bniej musia\u0142y wy\u0142o\u017cy\u0107 grube miliony na budow\u0119 instalacji. Przyk\u0142adowo miasto Pozna\u0144 wy\u0142o\u017cy\u0142o 330 mln na budow\u0119 swojej spalarni (w\u00f3wczas jeszcze pozyskuj\u0105c \u015brodki z UE &#8211; obecnie to niemo\u017cliwe).<\/p>\n","protected":false},"excerpt":{"rendered":"<p>&#8230; pytanie tylko od kiedy. Spalanie \u015bmieci ju\u017c jest najdro\u017csz\u0105 metod\u0105 utylizacji odpad\u00f3w. A b\u0119dzie jeszcze dro\u017cej, bo emisje CO2 ze spalarni pr\u0119dzej czy p\u00f3\u017aniej zostan\u0105 ob\u0142o\u017cone s\u0142onymi op\u0142atami. Prawdopodobnie stanie si\u0119 to w 2028 r. Je\u017celi budowa spalarni dojdzie do skutku, koszty poniesiemy wszyscy w rachunkach za odbi\u00f3r \u015bmieci. Czy trzeba wi\u0119cej argument\u00f3w, \u017ce [&hellip;]<\/p>\n","protected":false},"author":1,"featured_media":389,"comment_status":"closed","ping_status":"open","sticky":false,"template":"","format":"standard","meta":{"_et_pb_use_builder":"off","_et_pb_old_content":"","_et_gb_content_width":"","footnotes":""},"categories":[1],"tags":[],"class_list":["post-388","post","type-post","status-publish","format-standard","has-post-thumbnail","hentry","category-uncategorized"],"_links":{"self":[{"href":"https:\/\/www.stopspalarni.pl\/index.php\/wp-json\/wp\/v2\/posts\/388","targetHints":{"allow":["GET"]}}],"collection":[{"href":"https:\/\/www.stopspalarni.pl\/index.php\/wp-json\/wp\/v2\/posts"}],"about":[{"href":"https:\/\/www.stopspalarni.pl\/index.php\/wp-json\/wp\/v2\/types\/post"}],"author":[{"embeddable":true,"href":"https:\/\/www.stopspalarni.pl\/index.php\/wp-json\/wp\/v2\/users\/1"}],"replies":[{"embeddable":true,"href":"https:\/\/www.stopspalarni.pl\/index.php\/wp-json\/wp\/v2\/comments?post=388"}],"version-history":[{"count":1,"href":"https:\/\/www.stopspalarni.pl\/index.php\/wp-json\/wp\/v2\/posts\/388\/revisions"}],"predecessor-version":[{"id":390,"href":"https:\/\/www.stopspalarni.pl\/index.php\/wp-json\/wp\/v2\/posts\/388\/revisions\/390"}],"wp:featuredmedia":[{"embeddable":true,"href":"https:\/\/www.stopspalarni.pl\/index.php\/wp-json\/wp\/v2\/media\/389"}],"wp:attachment":[{"href":"https:\/\/www.stopspalarni.pl\/index.php\/wp-json\/wp\/v2\/media?parent=388"}],"wp:term":[{"taxonomy":"category","embeddable":true,"href":"https:\/\/www.stopspalarni.pl\/index.php\/wp-json\/wp\/v2\/categories?post=388"},{"taxonomy":"post_tag","embeddable":true,"href":"https:\/\/www.stopspalarni.pl\/index.php\/wp-json\/wp\/v2\/tags?post=388"}],"curies":[{"name":"wp","href":"https:\/\/api.w.org\/{rel}","templated":true}]}}