{"id":375,"date":"2022-01-15T19:48:00","date_gmt":"2022-01-15T19:48:00","guid":{"rendered":"https:\/\/www.stopspalarni.pl\/?p=375"},"modified":"2022-01-20T19:51:20","modified_gmt":"2022-01-20T19:51:20","slug":"koniec-sciemniania-ze-spalarniami-odpadow","status":"publish","type":"post","link":"https:\/\/www.stopspalarni.pl\/index.php\/2022\/01\/15\/koniec-sciemniania-ze-spalarniami-odpadow\/","title":{"rendered":"Koniec \u015bciemniania ze spalarniami odpad\u00f3w!"},"content":{"rendered":"\n<p>Najnowsze rozporz\u0105dzenie potwierdza, \u017ce takie instalacje nie mog\u0105 by\u0107 lokowane gdzie popadnie, a jedynie na terenach gospodarowania odpadami, wyra\u017anie okre\u015blonych w miejscowych planach zagospodarowania przestrzennego. Niestety nadal czeka nas d\u0142uga walka!<br><br>\u27a1\ufe0f Firma Fortum stoi na stanowisku, \u017ce jej spalarnia b\u0119dzie zak\u0142adem produkcji energii i ciep\u0142a, a nie spalarni\u0105 odpad\u00f3w.<br>\u27a1\ufe0f Tymczasem na tym etapie procedowana jest jedynie spalarnia &#8211; wynika to wprost z dokument\u00f3w przed\u0142o\u017conych przez Fortum.<br>\u27a1\ufe0f Najnowsze rozporz\u0105dzenie w sprawie wymaganego zakresu projektu mpzp jasno klasyfikuje tereny pod spalarnie odpad\u00f3w jako podklas\u0119 teren\u00f3w gospodarowania odpadami.<br>\u27a1\ufe0f <a href=\"https:\/\/zrzutka.pl\/fygwaw\">Wesprzyj nasze dzia\u0142ania<\/a>!<br><br>Wydawa\u0142oby si\u0119 logiczne, \u017ce takie instalacje jak spalarnie odpad\u00f3w, czy inne zak\u0142ady zwi\u0105zane z odpadami, nie powinny by\u0107 budowane na dowolnym terenie zakwalifikowanym np. pod produkcj\u0119. W\u0142a\u015bnie aby to uniemo\u017cliwi\u0107 obowi\u0105zuje specjalna kategoria &#8222;O&#8221;, kt\u00f3ra obejmuje tereny gospodarowania odpadami i to na nich powinny by\u0107 lokowane takie przedsi\u0119wzi\u0119cia.<br><br>Teren na kt\u00f3rym firma Fortum chce wybudowa\u0107 spalarni\u0119 odpad\u00f3w zosta\u0142 w miejscowym planie zagospodarowania przestrzennego przeznaczony pod zabudow\u0119 przemys\u0142ow\u0105 (oznaczon\u0105 symbolem &#8222;P&#8221;) i teren zabudowy przemys\u0142owej wraz z komunikacj\u0105 kolejow\u0105 (&#8222;P\/KK&#8221;). Nie ma tu mowy o lokalizowaniu przedsi\u0119wzi\u0119\u0107 z zakresu gospodarowania odpadami (&#8222;O&#8221;).<br><br><strong>Tymczasem firma Fortum w z\u0142o\u017conym odwo\u0142aniu do Samorz\u0105dowego Kolegium Odwo\u0142awczego bezczelnie twierdzi, \u017ce jej spalarnia nie b\u0119dzie spalarni\u0105, ale&#8230; elektrociep\u0142owni\u0105 wytwarzaj\u0105c\u0105 energi\u0119 elektryczn\u0105 i ciep\u0142o.<\/strong><br><br>W ramach tocz\u0105cego si\u0119 post\u0119powania nie ma jednak mowy o &#8222;elektrociep\u0142owni&#8221; tj. produkcji energii i ciep\u0142a, gdy\u017c na tym etapie procedowana jest jedynie spalarnia. Wynika to wprost z przed\u0142o\u017conych przez firm\u0119 Fortum dokument\u00f3w niezb\u0119dnych do wydania decyzji \u015brodowiskowej, w kt\u00f3rych jest mowa, \u017ce b\u0119d\u0105 to przedsi\u0119wzi\u0119cia obj\u0119te odr\u0119bnymi post\u0119powaniami.<br>Najnowsze rozporz\u0105dzenie Ministerstwa Rozwoju i Technologii z 23 grudnia 2021 r. nie pozostawia w\u0105tpliwo\u015bci, \u017ce tereny spalarni odpad\u00f3w to podklasa teren\u00f3w gospodarowania odpadami, kt\u00f3re s\u0105 z kolei podklas\u0105 teren\u00f3w infrastruktury technicznej. Wynika to wprost z tabeli zawartej na 9. stronie rozporz\u0105dzenia.<br><br>\u27a1\ufe0f Rozporz\u0105dzenie z 23 grudnia 2021 r.:<br><a href=\"https:\/\/isap.sejm.gov.pl\/isap.nsf\/download.xsp\/WDU20210002404\/O\/D20212404.pdf\">https:\/\/isap.sejm.gov.pl\/isap.nsf\/download.xsp\/WDU20210002404\/O\/D20212404.pdf<\/a><br><br>\u27a1\ufe0f Pe\u0142na tre\u015b\u0107 odwo\u0142ania Fortum:<br>h<a href=\"ttps:\/\/www.stopspalarni.pl\/odwolanie_fortum.pdf\">ttps:\/\/www.stopspalarni.pl\/odwolanie_fortum.pdf<\/a><br><br>Jak to si\u0119 ma do naszej sprawy? Zapisy najnowszego rozporz\u0105dzenia dotycz\u0105 co prawda nowo uchwalanych miejscowych plan\u00f3w zagospodarowywania przestrzennego, ale jednoznacznie potwierdzaj\u0105 klasyfikacj\u0119 takich przedsi\u0119wzi\u0119\u0107 jak spalarnie odpad\u00f3w, jako gospodarowanie odpadami. Mamy nadziej\u0119, \u017ce Samorz\u0105dowe Kolegium Odwo\u0142awcze, kt\u00f3re b\u0119dzie decydowa\u0107 o dalszych losach wroc\u0142awskiej spalarni, we\u017amie to pod uwag\u0119.<br><br>Bez wzgl\u0119du jaki b\u0119dzie jednak werdykt SKO spodziewamy si\u0119, \u017ce czeka nas dalsza, bardzo trudna przeprawa formalno-prawna aby nie dopu\u015bci\u0107 do budowy tej szkodliwej instalacji. Prawdopodobnie sprawa trafi do Wojew\u00f3dzkiego S\u0105du Administracyjnego, a by\u0107 mo\u017ce nawet do NSA&#8230;<\/p>\n","protected":false},"excerpt":{"rendered":"<p>Najnowsze rozporz\u0105dzenie potwierdza, \u017ce takie instalacje nie mog\u0105 by\u0107 lokowane gdzie popadnie, a jedynie na terenach gospodarowania odpadami, wyra\u017anie okre\u015blonych w miejscowych planach zagospodarowania przestrzennego. Niestety nadal czeka nas d\u0142uga walka! \u27a1\ufe0f Firma Fortum stoi na stanowisku, \u017ce jej spalarnia b\u0119dzie zak\u0142adem produkcji energii i ciep\u0142a, a nie spalarni\u0105 odpad\u00f3w.\u27a1\ufe0f Tymczasem na tym etapie procedowana [&hellip;]<\/p>\n","protected":false},"author":1,"featured_media":376,"comment_status":"closed","ping_status":"open","sticky":false,"template":"","format":"standard","meta":{"_et_pb_use_builder":"off","_et_pb_old_content":"","_et_gb_content_width":"","footnotes":""},"categories":[1],"tags":[],"class_list":["post-375","post","type-post","status-publish","format-standard","has-post-thumbnail","hentry","category-uncategorized"],"_links":{"self":[{"href":"https:\/\/www.stopspalarni.pl\/index.php\/wp-json\/wp\/v2\/posts\/375","targetHints":{"allow":["GET"]}}],"collection":[{"href":"https:\/\/www.stopspalarni.pl\/index.php\/wp-json\/wp\/v2\/posts"}],"about":[{"href":"https:\/\/www.stopspalarni.pl\/index.php\/wp-json\/wp\/v2\/types\/post"}],"author":[{"embeddable":true,"href":"https:\/\/www.stopspalarni.pl\/index.php\/wp-json\/wp\/v2\/users\/1"}],"replies":[{"embeddable":true,"href":"https:\/\/www.stopspalarni.pl\/index.php\/wp-json\/wp\/v2\/comments?post=375"}],"version-history":[{"count":1,"href":"https:\/\/www.stopspalarni.pl\/index.php\/wp-json\/wp\/v2\/posts\/375\/revisions"}],"predecessor-version":[{"id":377,"href":"https:\/\/www.stopspalarni.pl\/index.php\/wp-json\/wp\/v2\/posts\/375\/revisions\/377"}],"wp:featuredmedia":[{"embeddable":true,"href":"https:\/\/www.stopspalarni.pl\/index.php\/wp-json\/wp\/v2\/media\/376"}],"wp:attachment":[{"href":"https:\/\/www.stopspalarni.pl\/index.php\/wp-json\/wp\/v2\/media?parent=375"}],"wp:term":[{"taxonomy":"category","embeddable":true,"href":"https:\/\/www.stopspalarni.pl\/index.php\/wp-json\/wp\/v2\/categories?post=375"},{"taxonomy":"post_tag","embeddable":true,"href":"https:\/\/www.stopspalarni.pl\/index.php\/wp-json\/wp\/v2\/tags?post=375"}],"curies":[{"name":"wp","href":"https:\/\/api.w.org\/{rel}","templated":true}]}}