{"id":229,"date":"2021-09-17T00:31:35","date_gmt":"2021-09-17T00:31:35","guid":{"rendered":"http:\/\/www.stopspalarni.pl\/?p=229"},"modified":"2021-09-17T00:31:36","modified_gmt":"2021-09-17T00:31:36","slug":"wyrok-na-francuska-spalarnie","status":"publish","type":"post","link":"https:\/\/www.stopspalarni.pl\/index.php\/2021\/09\/17\/wyrok-na-francuska-spalarnie\/","title":{"rendered":"Wyrok na francusk\u0105 spalarni\u0119"},"content":{"rendered":"\n<p>Szkodliwy wp\u0142yw spalarni odpad\u00f3w na zdrowie i \u017cycie mieszka\u0144c\u00f3w potwierdzaj\u0105 nie tylko naukowcy, ale i s\u0105dy. W przypadku francuskiego Vaux-le-P\u00e9nil, wyrok s\u0105du potwierdzi\u0142 zwi\u0105zek przyczynowo-skutkowy pomi\u0119dzy dzia\u0142alno\u015bci\u0105 spalarni, a zachorowaniami na nowotwory i zas\u0105dzi\u0142 z tego tytu\u0142u odszkodowanie.<br><br>W 2001 r. pojawi\u0142y si\u0119 pierwsze podejrzenia dotycz\u0105ce silnego ska\u017cenia \u015brodowiska powodowanego przez tamtejsz\u0105 spalarni\u0119. Po przeprowadzeniu bada\u0144 jaj kurzych na obecno\u015b\u0107 dioksyn stwierdzono, \u017ce zawieraj\u0105 40 pg\/g sm dioksyn, czyli ponad 3-krotno\u015b\u0107 dopuszczalnego st\u0119\u017cenia. W czerwcu 2002 r. wykryto emisj\u0119 dioksyn na poziomie 226 ng TEQ\/Nm3, 2260 razy obecnej normy wynosz\u0105cej 0,1 ng TEQ\/Nm3. Stwierdzono r\u00f3wnie\u017c 10-krotne przekroczenia emisji py\u0142\u00f3w, od 5 do 10 razy kwasu solnego, 6 razy tlenku w\u0119gla.<br><br>W o\u015bmiu s\u0105siednich gminach wykryto 28 przypadk\u00f3w rzadkich nowotwor\u00f3w, w tym ch\u0142oniaka nieziarniczego. Droga biegn\u0105ca do spalarni zacz\u0119\u0142a nosi\u0107 miano &#8222;ulicy nowotwor\u00f3w&#8221;.<br><br>Proces cywilny spalarni wytoczy\u0142y w\u0142adze gminy Maincy oraz 165 mieszka\u0144c\u00f3w. Po latach walki s\u0105dowej z truj\u0105c\u0105 spalarni\u0105, s\u0105d orzek\u0142 odszkodowanie w wysoko\u015bci 600 000 euro dla mieszka\u0144c\u00f3w. C\u00f3\u017c jednak z pieni\u0119dzy, gdy wielu z nich zachorowa\u0142o na \u015bmiertelne nowotwory&#8230; <br><br>Wyrok jest precedensowy i &#8211; na bazie zebranych dowod\u00f3w &#8211; mo\u017cna si\u0119 spodziewa\u0107 kolejnych wyrok\u00f3w w tych sprawach. Jednoznacznie potwierdza bowiem zwi\u0105zek pomi\u0119dzy spalarniami, a zdrowiem (i \u017cyciem) okolicznych mieszka\u0144c\u00f3w.<br><br>&#8212;<br><br>O tym szkodliwym wp\u0142ywie spalani pisali\u015bmy ju\u017c nie raz. Badania naukowe niezbicie wskazuj\u0105 na:<br>\u26a0\ufe0f wzrost \u015bmiertelno\u015bci ludzi \u017cyj\u0105cych w pobli\u017cu spalarni<br>\u26a0\ufe0f wzrost zachorowa\u0144 na nowotwory m.in. ch\u0142oniaka nieziarniczego<br>\u26a0\ufe0f guzy uk\u0142adu limfohematopoetycznego, choroby uk\u0142adu kr\u0105\u017cenia i oddechowego<br>\u26a0\ufe0f przedwczesne porody i wady rozwojowe noworodk\u00f3w<br>\u26a0\ufe0f podwy\u017cszony poziom dioksyn w organizmie, m.in. w mleku karmi\u0105cych matek, co znacznie zwi\u0119ksza ryzyko zmian DNA u szybko rozwijaj\u0105cych si\u0119 noworodk\u00f3w<br><br>\u27a1\ufe0f Wi\u0119cej na ten temat:https:\/\/www.facebook.com\/stopspalarni.wro\/posts\/117394087212408<br><br>&#8212;<br><br>Przez lata nie zdawano sobie sprawy ze szkodliwego wp\u0142ywu spalarni, czy te\u017c ten wp\u0142yw wr\u0119cz tuszowano. W chwili obecnej nauka dostarcza jednak JEDNOZNACZNYCH dowod\u00f3w co do negatywnego wp\u0142ywu na zdrowie i \u017cycie mieszka\u0144c\u00f3w. Nie tylko tych mieszkaj\u0105cych w pobli\u017cu spalarni, ale tak\u017ce spo\u017cywaj\u0105cych \u017cywno\u015b\u0107 wyhodowan\u0105 w okolicy.<br>Odpowiadaj\u0105 za to g\u0142\u00f3wnie niezwykle szkodliwe, toksyczne dioksyny. Nauka m\u00f3wi jednoznacznie, \u017ce g\u0142\u00f3wnym \u017ar\u00f3d\u0142em dioksyn w \u015brodowisku jest kontrolowane spalanie odpad\u00f3w.<br><br>\u27a1\ufe0f Wi\u0119cej na ten temat:https:\/\/www.facebook.com\/stopspalarni.wro\/posts\/152225993729217<br><br>&#8212;<br>Przypomnijmy, \u017ce potwierdzony holenderskimi badaniami zasi\u0119g oddzia\u0142ywania komina spalarni to 10 kilometr\u00f3w, ale przy odpowiednich wiatrach mo\u017ce to by\u0107 znacznie wi\u0119cej&#8230;<br>Na Zachodzie Europy spalarnie si\u0119 zamyka. Przyk\u0142adowo w Danii w przeci\u0105gu najbli\u017cszej dekady ma zosta\u0107 zamkni\u0119tych 30% spalarni. Tamtejsze spo\u0142ecze\u0144stwa s\u0105 coraz bardziej \u015bwiadome zgubnych skutk\u00f3w spalarni &#8211; nie tylko zdrowotnych, ale i \u015brodowiskowych, klimatycznych. Znacznie wi\u0119cej odpad\u00f3w jest te\u017c przetwarzanych, przez co zwyczajnie w spalarniach nie ma czym&#8230; pali\u0107.<br><br>&#8212;<br><br>\u27a1\ufe0f Wi\u0119cej o przypadku francuskiej spalarni:https:\/\/www.leparisien.fr\/seine-et-marne-77\/incinerateur-de-vaux-le-penil-l-agglomeration-de-melun-encore-condamnee-11-10-2019-8170782.phphttps:\/\/www.zerowastefrance.org\/incinerateur-vaux-le-penil-condamnation-historique-mise-danger-autrui\/<br><br>To nie jedyny przypadek z Francji, przy kt\u00f3rym udowodniono, \u017ce spalarnie makabrycznie wp\u0142yn\u0119\u0142y na zdrowie mieszka\u0144c\u00f3w. Wykazano to tak\u017ce m.in. w Besancon, gdzie wyst\u0105pi\u0142y skupiska ch\u0142oniaka nieziarniczego w pobli\u017cu spalarni (badania z 2000 r.), co by\u0142o spowodowane podwy\u017cszonym poziomem dioksyn (Viel JF, Arveux P et al. doi: 10.1093\/aje\/152.1.13). Makabrycznie, bo ch\u0142oniak nieziarniczy to nowotw\u00f3r z\u0142o\u015bliwy, kt\u00f3ry w agresywnym przebiegu mo\u017ce prowadzi\u0107 do zgonu w ci\u0105gu zalewdwie kilku tygodni przy braku odpowiedzi na leczenie.<br><br>&#8212;<br><br>\u2139\ufe0f Dlaczego protestujemy? Spalarnie to truj\u0105cy prze\u017cytek od kt\u00f3rego odchodzi si\u0119 w zachodniej Europie. UE, WHO, naukowcy i ekolodzy jednoznacznie m\u00f3wi\u0105, \u017ce spalanie odpad\u00f3w jest szkodliwe klimatycznie, \u015brodowiskowo, zdrowotnie. Spalarnie to najgorsze mo\u017cliwe rozwi\u0105zanie zagospodarowywania odpad\u00f3w. To marnowanie cennych zasob\u00f3w i kierunek odwrotny od gospodarki obiegu zamkni\u0119tego w kt\u00f3rym musimy pod\u0105\u017ca\u0107.<\/p>\n","protected":false},"excerpt":{"rendered":"<p>Szkodliwy wp\u0142yw spalarni odpad\u00f3w na zdrowie i \u017cycie mieszka\u0144c\u00f3w potwierdzaj\u0105 nie tylko naukowcy, ale i s\u0105dy. W przypadku francuskiego Vaux-le-P\u00e9nil, wyrok s\u0105du potwierdzi\u0142 zwi\u0105zek przyczynowo-skutkowy pomi\u0119dzy dzia\u0142alno\u015bci\u0105 spalarni, a zachorowaniami na nowotwory i zas\u0105dzi\u0142 z tego tytu\u0142u odszkodowanie. W 2001 r. pojawi\u0142y si\u0119 pierwsze podejrzenia dotycz\u0105ce silnego ska\u017cenia \u015brodowiska powodowanego przez tamtejsz\u0105 spalarni\u0119. Po przeprowadzeniu [&hellip;]<\/p>\n","protected":false},"author":1,"featured_media":230,"comment_status":"closed","ping_status":"open","sticky":false,"template":"","format":"standard","meta":{"_et_pb_use_builder":"off","_et_pb_old_content":"","_et_gb_content_width":"","footnotes":""},"categories":[1],"tags":[],"class_list":["post-229","post","type-post","status-publish","format-standard","has-post-thumbnail","hentry","category-uncategorized"],"_links":{"self":[{"href":"https:\/\/www.stopspalarni.pl\/index.php\/wp-json\/wp\/v2\/posts\/229","targetHints":{"allow":["GET"]}}],"collection":[{"href":"https:\/\/www.stopspalarni.pl\/index.php\/wp-json\/wp\/v2\/posts"}],"about":[{"href":"https:\/\/www.stopspalarni.pl\/index.php\/wp-json\/wp\/v2\/types\/post"}],"author":[{"embeddable":true,"href":"https:\/\/www.stopspalarni.pl\/index.php\/wp-json\/wp\/v2\/users\/1"}],"replies":[{"embeddable":true,"href":"https:\/\/www.stopspalarni.pl\/index.php\/wp-json\/wp\/v2\/comments?post=229"}],"version-history":[{"count":1,"href":"https:\/\/www.stopspalarni.pl\/index.php\/wp-json\/wp\/v2\/posts\/229\/revisions"}],"predecessor-version":[{"id":231,"href":"https:\/\/www.stopspalarni.pl\/index.php\/wp-json\/wp\/v2\/posts\/229\/revisions\/231"}],"wp:featuredmedia":[{"embeddable":true,"href":"https:\/\/www.stopspalarni.pl\/index.php\/wp-json\/wp\/v2\/media\/230"}],"wp:attachment":[{"href":"https:\/\/www.stopspalarni.pl\/index.php\/wp-json\/wp\/v2\/media?parent=229"}],"wp:term":[{"taxonomy":"category","embeddable":true,"href":"https:\/\/www.stopspalarni.pl\/index.php\/wp-json\/wp\/v2\/categories?post=229"},{"taxonomy":"post_tag","embeddable":true,"href":"https:\/\/www.stopspalarni.pl\/index.php\/wp-json\/wp\/v2\/tags?post=229"}],"curies":[{"name":"wp","href":"https:\/\/api.w.org\/{rel}","templated":true}]}}