{"id":2083,"date":"2024-12-09T18:31:02","date_gmt":"2024-12-09T18:31:02","guid":{"rendered":"https:\/\/www.stopspalarni.pl\/?p=2083"},"modified":"2025-01-07T18:39:07","modified_gmt":"2025-01-07T18:39:07","slug":"uwaga-manipulacja-2","status":"publish","type":"post","link":"https:\/\/www.stopspalarni.pl\/index.php\/2024\/12\/09\/uwaga-manipulacja-2\/","title":{"rendered":"Uwaga! Manipulacja!"},"content":{"rendered":"\n<p>Poni\u017cszy zrzut prezentuje artyku\u0142 sponsorowany na temat tr\u00f3jmiejskiej spalarni \u015bmieci. Ju\u017c sam nag\u0142\u00f3wek jest k\u0142amstwem poniewa\u017c spalarnie \u015bmieci NIE WPISUJ\u0104 SI\u0118 w gospodark\u0119 o obiegu zamkni\u0119tym.<\/p>\n\n\n\n<p>M\u00f3wi o tym Rozporz\u0105dzenie Parlamentu Europejskiego i Rady (UE) 2020\/852 (tzw. Taksonomia), gdzie stwierdza si\u0119, \u017ce spalarnie odpad\u00f3w wyrz\u0105dzaj\u0105 powa\u017cne szkody \u015brodowiskowe i nie wpisuj\u0105 si\u0119 w Gospodark\u0119 o Obiegu Zamkni\u0119tym (art. 17).<\/p>\n\n\n\n<p>Potwierdza to Rezolucja Parlamentu Europejskiego z dnia 10 lutego 2021 r. 2020\/2077(INI) w sprawie nowego planu dzia\u0142ania dotycz\u0105cego Gospodarki o Obiegu Zamkni\u0119tym, gdzie wzywa si\u0119 do ograniczania spalania odpad\u00f3w i nie zwi\u0119kszania wydajno\u015bci spalarni (art. 104).<\/p>\n\n\n\n<p>W artykule znale\u017a\u0107 mo\u017cemy dalszy ci\u0105g manipulacji np. jakoby spalarnie wp\u0142ywa\u0142y na zmniejszenie sk\u0142adowania odpad\u00f3w. Tymczasem do spalania trafia tzw. frakcja kaloryczna (odpady o kaloryczno\u015bci powy\u017cej 6Mj\/kg), a ta zgodnie z polskim prawem nie mo\u017ce i nie jest w Polsce sk\u0142adowana na wysypiskach.<\/p>\n\n\n\n<p>I odwrotnie &#8211; odpady o zbyt niskiej kaloryczno\u015bci (poni\u017cej 6Mj\/kg), czyli te sk\u0142adowane na wysypiskach, nie s\u0105 przyjmowane przez spalarnie, bo zwyczajnie si\u0119 nie pal\u0105.<\/p>\n\n\n\n<p>To nie koniec manipulacji. W artykule mo\u017cemy tak\u017ce przeczyta\u0107 jakoby spalarnia redukowa\u0142a niepo\u017c\u0105dane emisje gaz\u00f3w. Tymczasem w zakresie emisji dwutlenku w\u0119gla spalarnie \u015bmieci emituj\u0105 go wi\u0119cej nawet ni\u017c tradycyjne elektociep\u0142ownie w\u0119glowe (w przeliczeniu na jednostk\u0119 energii).<\/p>\n\n\n\n<p>Spalarnie zatruwaj\u0105 tak\u017ce \u015brodowisko toksycznymi zwi\u0105zkami ze spalania tworzyw sztucznych i gumy, w tym m.in. ultra toksycznymi dioksynami i furanami. Dodajmy, \u017ce spalarnie \u015bmieci zostan\u0105 naprawdopodobniej ju\u017c od 2027\/2028 r. w\u0142\u0105czone do systemu EU ETS, czyli obj\u0119te op\u0142atami za emisje CO2.<\/p>\n\n\n\n<p>Wymienia\u0107 tak mo\u017cna by dalej&#8230; Oburzaj\u0105ce jest, \u017ce tak zmanipulowany artyku\u0142 zosta\u0142 opublikowany na \u0142amach Gazety Wyborczej.<\/p>\n\n\n\n<p>P.S. S\u0142awomir Kiszkurno, prezes tzw. Portu Czystej Energii (tr\u00f3jmiejskiej spalarni), by\u0142 ostatnio go\u015bciem debaty odpadowej zorganizowanej przez Wyborcza.pl Wroc\u0142aw. Winszujemy eksperta.<\/p>\n","protected":false},"excerpt":{"rendered":"<p>Poni\u017cszy zrzut prezentuje artyku\u0142 sponsorowany na temat tr\u00f3jmiejskiej spalarni \u015bmieci. Ju\u017c sam nag\u0142\u00f3wek jest k\u0142amstwem poniewa\u017c spalarnie \u015bmieci NIE WPISUJ\u0104 SI\u0118 w gospodark\u0119 o obiegu zamkni\u0119tym. M\u00f3wi o tym Rozporz\u0105dzenie Parlamentu Europejskiego i Rady (UE) 2020\/852 (tzw. Taksonomia), gdzie stwierdza si\u0119, \u017ce spalarnie odpad\u00f3w wyrz\u0105dzaj\u0105 powa\u017cne szkody \u015brodowiskowe i nie wpisuj\u0105 si\u0119 w Gospodark\u0119 o [&hellip;]<\/p>\n","protected":false},"author":1,"featured_media":2084,"comment_status":"closed","ping_status":"open","sticky":false,"template":"","format":"standard","meta":{"_et_pb_use_builder":"","_et_pb_old_content":"","_et_gb_content_width":"","footnotes":""},"categories":[1],"tags":[],"class_list":["post-2083","post","type-post","status-publish","format-standard","has-post-thumbnail","hentry","category-uncategorized"],"_links":{"self":[{"href":"https:\/\/www.stopspalarni.pl\/index.php\/wp-json\/wp\/v2\/posts\/2083","targetHints":{"allow":["GET"]}}],"collection":[{"href":"https:\/\/www.stopspalarni.pl\/index.php\/wp-json\/wp\/v2\/posts"}],"about":[{"href":"https:\/\/www.stopspalarni.pl\/index.php\/wp-json\/wp\/v2\/types\/post"}],"author":[{"embeddable":true,"href":"https:\/\/www.stopspalarni.pl\/index.php\/wp-json\/wp\/v2\/users\/1"}],"replies":[{"embeddable":true,"href":"https:\/\/www.stopspalarni.pl\/index.php\/wp-json\/wp\/v2\/comments?post=2083"}],"version-history":[{"count":1,"href":"https:\/\/www.stopspalarni.pl\/index.php\/wp-json\/wp\/v2\/posts\/2083\/revisions"}],"predecessor-version":[{"id":2085,"href":"https:\/\/www.stopspalarni.pl\/index.php\/wp-json\/wp\/v2\/posts\/2083\/revisions\/2085"}],"wp:featuredmedia":[{"embeddable":true,"href":"https:\/\/www.stopspalarni.pl\/index.php\/wp-json\/wp\/v2\/media\/2084"}],"wp:attachment":[{"href":"https:\/\/www.stopspalarni.pl\/index.php\/wp-json\/wp\/v2\/media?parent=2083"}],"wp:term":[{"taxonomy":"category","embeddable":true,"href":"https:\/\/www.stopspalarni.pl\/index.php\/wp-json\/wp\/v2\/categories?post=2083"},{"taxonomy":"post_tag","embeddable":true,"href":"https:\/\/www.stopspalarni.pl\/index.php\/wp-json\/wp\/v2\/tags?post=2083"}],"curies":[{"name":"wp","href":"https:\/\/api.w.org\/{rel}","templated":true}]}}