{"id":2051,"date":"2024-11-23T18:19:21","date_gmt":"2024-11-23T18:19:21","guid":{"rendered":"https:\/\/www.stopspalarni.pl\/?p=2051"},"modified":"2024-11-26T18:57:50","modified_gmt":"2024-11-26T18:57:50","slug":"wycieczki-do-spalarni-za-publiczne-srodki","status":"publish","type":"post","link":"https:\/\/www.stopspalarni.pl\/index.php\/2024\/11\/23\/wycieczki-do-spalarni-za-publiczne-srodki\/","title":{"rendered":"Wycieczki do spalarni za publiczne \u015brodki"},"content":{"rendered":"\n<p>Urz\u0105d Marsza\u0142kowski Wojew\u00f3dztwa Dolno\u015bl\u0105skiego nie ustaje w urabianiu samorz\u0105dowc\u00f3w i dziennikarzy co do spalarni \u015bmieci. Niedawno odby\u0142a si\u0119 kolejna wycieczka do spalarni &#8211; tym razem w Wiedniu.<\/p>\n\n\n\n<p>Mamy tu do czynienia z wielowarstwow\u0105 manipulacj\u0105 i greenwahsingiem.<\/p>\n\n\n\n<p>Spalarnie \u015bmieci NIE S\u0104 ekologiczne. M\u00f3wi o tym wyra\u017anie Unia Europejska w dyrektywach, rozporz\u0105dzeniach (Taksonomii), rezolucjach, w kt\u00f3rych m.in. wzywa si\u0119 kraje cz\u0142onkowskie \u017ceby spalarni nie budowa\u0107! Organizowanie wycieczek do spalarni i przedstawianie ich jako rzekomo ekologicznego rozwi\u0105zania jest wi\u0119c po prostu k\u0142amstwem.<\/p>\n\n\n\n<p>Jeste\u015bmy oburzeni, \u017ce w dalszym ci\u0105gu organizowane s\u0105 eskapady do takich instalacji, \u017ce urabiani s\u0105 samorz\u0105dowcy i dziennikarze. Efektem s\u0105 &#8222;achy i ochy&#8221; w mediach &#8211; np. w Radio Rodzina, czy podczas ostatniego programu w Radio Wroc\u0142aw.<\/p>\n\n\n\n<p>Nie zostawimy tak tego, nasi prawnicy przygotowuj\u0105 pisma w tej sprawie!<\/p>\n","protected":false},"excerpt":{"rendered":"<p>Urz\u0105d Marsza\u0142kowski Wojew\u00f3dztwa Dolno\u015bl\u0105skiego nie ustaje w urabianiu samorz\u0105dowc\u00f3w i dziennikarzy co do spalarni \u015bmieci. Niedawno odby\u0142a si\u0119 kolejna wycieczka do spalarni &#8211; tym razem w Wiedniu. Mamy tu do czynienia z wielowarstwow\u0105 manipulacj\u0105 i greenwahsingiem. Spalarnie \u015bmieci NIE S\u0104 ekologiczne. M\u00f3wi o tym wyra\u017anie Unia Europejska w dyrektywach, rozporz\u0105dzeniach (Taksonomii), rezolucjach, w kt\u00f3rych m.in. [&hellip;]<\/p>\n","protected":false},"author":1,"featured_media":2056,"comment_status":"closed","ping_status":"open","sticky":false,"template":"","format":"standard","meta":{"_et_pb_use_builder":"","_et_pb_old_content":"","_et_gb_content_width":"","footnotes":""},"categories":[1],"tags":[],"class_list":["post-2051","post","type-post","status-publish","format-standard","has-post-thumbnail","hentry","category-uncategorized"],"_links":{"self":[{"href":"https:\/\/www.stopspalarni.pl\/index.php\/wp-json\/wp\/v2\/posts\/2051","targetHints":{"allow":["GET"]}}],"collection":[{"href":"https:\/\/www.stopspalarni.pl\/index.php\/wp-json\/wp\/v2\/posts"}],"about":[{"href":"https:\/\/www.stopspalarni.pl\/index.php\/wp-json\/wp\/v2\/types\/post"}],"author":[{"embeddable":true,"href":"https:\/\/www.stopspalarni.pl\/index.php\/wp-json\/wp\/v2\/users\/1"}],"replies":[{"embeddable":true,"href":"https:\/\/www.stopspalarni.pl\/index.php\/wp-json\/wp\/v2\/comments?post=2051"}],"version-history":[{"count":1,"href":"https:\/\/www.stopspalarni.pl\/index.php\/wp-json\/wp\/v2\/posts\/2051\/revisions"}],"predecessor-version":[{"id":2052,"href":"https:\/\/www.stopspalarni.pl\/index.php\/wp-json\/wp\/v2\/posts\/2051\/revisions\/2052"}],"wp:featuredmedia":[{"embeddable":true,"href":"https:\/\/www.stopspalarni.pl\/index.php\/wp-json\/wp\/v2\/media\/2056"}],"wp:attachment":[{"href":"https:\/\/www.stopspalarni.pl\/index.php\/wp-json\/wp\/v2\/media?parent=2051"}],"wp:term":[{"taxonomy":"category","embeddable":true,"href":"https:\/\/www.stopspalarni.pl\/index.php\/wp-json\/wp\/v2\/categories?post=2051"},{"taxonomy":"post_tag","embeddable":true,"href":"https:\/\/www.stopspalarni.pl\/index.php\/wp-json\/wp\/v2\/tags?post=2051"}],"curies":[{"name":"wp","href":"https:\/\/api.w.org\/{rel}","templated":true}]}}