{"id":197,"date":"2021-07-01T10:49:00","date_gmt":"2021-07-01T10:49:00","guid":{"rendered":"http:\/\/www.stopspalarni.pl\/?p=197"},"modified":"2021-07-02T16:52:11","modified_gmt":"2021-07-02T16:52:11","slug":"dyskusja-z-radnymi-oraz-soltysami-z-gminy-dlugoleka","status":"publish","type":"post","link":"https:\/\/www.stopspalarni.pl\/index.php\/2021\/07\/01\/dyskusja-z-radnymi-oraz-soltysami-z-gminy-dlugoleka\/","title":{"rendered":"Dyskusja z Radnymi oraz So\u0142tysami z Gminy D\u0142ugo\u0142\u0119ka"},"content":{"rendered":"\n<p>Spotkali\u015bmy si\u0119 z Radnymi oraz So\u0142tysami z Gminy D\u0142ugo\u0142\u0119ka. Gospodarzem spotkania by\u0142 W\u00f3jt D\u0142ugo\u0142\u0119ki \u2013 Wojciech B\u0142o\u0144ski. Elementem spotkania by\u0142a moderowana dyskusja, podczas kt\u00f3rej eksperci odpowiadali na pytania dotycz\u0105ce planowanej spalarni \u015bmieci <img loading=\"lazy\" decoding=\"async\" height=\"16\" width=\"16\" alt=\"\ud83e\uddd1\u200d\ud83c\udfeb\" src=\"https:\/\/static.xx.fbcdn.net\/images\/emoji.php\/v9\/t65\/1\/16\/1f9d1_200d_1f3eb.png\"><img loading=\"lazy\" decoding=\"async\" height=\"16\" width=\"16\" alt=\"\ud83d\udc69\u200d\ud83c\udfeb\" src=\"https:\/\/static.xx.fbcdn.net\/images\/emoji.php\/v9\/t94\/1\/16\/1f469_200d_1f3eb.png\">.<\/p>\n\n\n\n<p>Wszyscy uczestnicy spotkania, kt\u00f3rzy zabrali g\u0142os nie popierali budowy spalarni \u015bmieci <img loading=\"lazy\" decoding=\"async\" height=\"16\" width=\"16\" alt=\"\ud83d\udc4d\" src=\"https:\/\/static.xx.fbcdn.net\/images\/emoji.php\/v9\/tfc\/1\/16\/1f44d.png\">.<\/p>\n\n\n\n<p>Pan W\u00f3jt zwr\u00f3ci\u0142 uwag\u0119 na odbi\u00f3r ciep\u0142a, jako kluczowy i najwa\u017cniejszy w\u0105tek w tej sprawie. Podkre\u015bla\u0142, \u017ce ciep\u0142o to nie pop\u0142ynie do gm. D\u0142ugo\u0142\u0119ka, gm. Wisznia Ma\u0142a czy wroc\u0142awskich Paw\u0142owic. W\u0105tpliwe jest r\u00f3wnie\u017c zainteresowanie t\u0105 instalacj\u0105 Zakrzowa, kt\u00f3re ma w\u0142asne \u017ar\u00f3d\u0142a ciep\u0142a. Pytanie W\u00f3jta pozostaje wi\u0119c w tej chwili bez odpowiedzi <img loading=\"lazy\" decoding=\"async\" height=\"16\" width=\"16\" alt=\"\u2049\ufe0f\" src=\"https:\/\/static.xx.fbcdn.net\/images\/emoji.php\/v9\/tec\/1\/16\/2049.png\">.<\/p>\n","protected":false},"excerpt":{"rendered":"<p>Spotkali\u015bmy si\u0119 z Radnymi oraz So\u0142tysami z Gminy D\u0142ugo\u0142\u0119ka. Gospodarzem spotkania by\u0142 W\u00f3jt D\u0142ugo\u0142\u0119ki \u2013 Wojciech B\u0142o\u0144ski. Elementem spotkania by\u0142a moderowana dyskusja, podczas kt\u00f3rej eksperci odpowiadali na pytania dotycz\u0105ce planowanej spalarni \u015bmieci . Wszyscy uczestnicy spotkania, kt\u00f3rzy zabrali g\u0142os nie popierali budowy spalarni \u015bmieci . Pan W\u00f3jt zwr\u00f3ci\u0142 uwag\u0119 na odbi\u00f3r ciep\u0142a, jako kluczowy i [&hellip;]<\/p>\n","protected":false},"author":2,"featured_media":198,"comment_status":"closed","ping_status":"open","sticky":false,"template":"","format":"standard","meta":{"_et_pb_use_builder":"off","_et_pb_old_content":"","_et_gb_content_width":"","footnotes":""},"categories":[3,10,6],"tags":[],"class_list":["post-197","post","type-post","status-publish","format-standard","has-post-thumbnail","hentry","category-aglomeracja-wroclawska","category-media","category-wydarzenia"],"_links":{"self":[{"href":"https:\/\/www.stopspalarni.pl\/index.php\/wp-json\/wp\/v2\/posts\/197","targetHints":{"allow":["GET"]}}],"collection":[{"href":"https:\/\/www.stopspalarni.pl\/index.php\/wp-json\/wp\/v2\/posts"}],"about":[{"href":"https:\/\/www.stopspalarni.pl\/index.php\/wp-json\/wp\/v2\/types\/post"}],"author":[{"embeddable":true,"href":"https:\/\/www.stopspalarni.pl\/index.php\/wp-json\/wp\/v2\/users\/2"}],"replies":[{"embeddable":true,"href":"https:\/\/www.stopspalarni.pl\/index.php\/wp-json\/wp\/v2\/comments?post=197"}],"version-history":[{"count":1,"href":"https:\/\/www.stopspalarni.pl\/index.php\/wp-json\/wp\/v2\/posts\/197\/revisions"}],"predecessor-version":[{"id":199,"href":"https:\/\/www.stopspalarni.pl\/index.php\/wp-json\/wp\/v2\/posts\/197\/revisions\/199"}],"wp:featuredmedia":[{"embeddable":true,"href":"https:\/\/www.stopspalarni.pl\/index.php\/wp-json\/wp\/v2\/media\/198"}],"wp:attachment":[{"href":"https:\/\/www.stopspalarni.pl\/index.php\/wp-json\/wp\/v2\/media?parent=197"}],"wp:term":[{"taxonomy":"category","embeddable":true,"href":"https:\/\/www.stopspalarni.pl\/index.php\/wp-json\/wp\/v2\/categories?post=197"},{"taxonomy":"post_tag","embeddable":true,"href":"https:\/\/www.stopspalarni.pl\/index.php\/wp-json\/wp\/v2\/tags?post=197"}],"curies":[{"name":"wp","href":"https:\/\/api.w.org\/{rel}","templated":true}]}}