{"id":1948,"date":"2024-08-01T17:13:00","date_gmt":"2024-08-01T17:13:00","guid":{"rendered":"https:\/\/www.stopspalarni.pl\/?p=1948"},"modified":"2024-08-13T17:18:21","modified_gmt":"2024-08-13T17:18:21","slug":"zakaz-lokalizowania-spalarni-w-obrebie-miasta-wroclawia-powinien-zostac-utrzymany","status":"publish","type":"post","link":"https:\/\/www.stopspalarni.pl\/index.php\/2024\/08\/01\/zakaz-lokalizowania-spalarni-w-obrebie-miasta-wroclawia-powinien-zostac-utrzymany\/","title":{"rendered":"Zakaz lokalizowania spalarni w obr\u0119bie miasta Wroc\u0142awia powinien zosta\u0107 utrzymany"},"content":{"rendered":"\n<p><span style=\"font-size: 14px; font-weight: 500;\">Zakaz lokalizowania spalarni w obr\u0119bie miasta Wroc\u0142awia powinien zosta\u0107 utrzymany<\/span>. Z\u0142o\u017cyli\u015bmy w tej sprawie wnioski do Planu Og\u00f3lnego.<br><br>Projekt Wojew\u00f3dzkiego Planu Gospodarki Odpadami ujawni\u0142, \u017ce nie tylko Fortum ostrzy(\u0142o) sobie z\u0119by na budow\u0119 spalarni w obr\u0119bie Wroc\u0142awia i bezpo\u015brednich okolic. Taki zamiast zg\u0142osi\u0142a tak\u017ce ALBA, kt\u00f3ra chcia\u0142aby wybudowa\u0107 spalarni\u0119 w \u015brodku miasta (prawdopodobnie przy ul. Szczeci\u0144skiej).<\/p>\n\n\n\n<p>Obowi\u0105zuj\u0105ce Studium Uwarunkowa\u0144 i Kierunk\u00f3w Zagospodarowania Przestrzennego Wroc\u0142awia nie dopuszcza budowy spalarni w obr\u0119bie miasta. Zapis w pkt. 12.4 Polityka og\u00f3lnomiejska pkt. 3 na str. 312 Studium stwierdza to jednoznacznie: &#8222;Strategia gospodarki odpadami komunalnymi dla Wroc\u0142awia nie przewiduje lokalizacji spalarni odpad\u00f3w.&#8221;<\/p>\n\n\n\n<p>Przygotowywany jest jednak nowy dokument planistyczny tzw. Plan Og\u00f3lny, co rodzi ryzyko zmiany b\u0105d\u017a usuni\u0119cia tego\u017c zapisu. W\u0142a\u015bnie dlatego w imieniu Komitetu spo\u0142ecznego STOP wroc\u0142awskiej spalarni, a tak\u017ce Stowarzysze\u0144 Nasze Paw\u0142owice i Ramisz\u00f3w i EKO-UNIA z\u0142o\u017cyli\u015bmy wnioski o zachowanie zakazu lokowania spalarni &#8211; w formie przewidzianej dla zapis\u00f3w Planu Og\u00f3lnego.<\/p>\n\n\n\n<p>Trzymamy r\u0119k\u0119 na pulsie!<\/p>\n\n\n\n<p>Warto nadmieni\u0107, \u017ce plany budowy spalarni ko\u0142o Wroc\u0142awia mia\u0142a tak\u017ce Kogereneracja, kt\u00f3ra zg\u0142osi\u0142a taki zamiar w miejscowo\u015bci Kamie\u0144 w gm. D\u0142ugo\u0142\u0119ka (5 km od granic miasta).<\/p>\n","protected":false},"excerpt":{"rendered":"<p>Zakaz lokalizowania spalarni w obr\u0119bie miasta Wroc\u0142awia powinien zosta\u0107 utrzymany. Z\u0142o\u017cyli\u015bmy w tej sprawie wnioski do Planu Og\u00f3lnego. Projekt Wojew\u00f3dzkiego Planu Gospodarki Odpadami ujawni\u0142, \u017ce nie tylko Fortum ostrzy(\u0142o) sobie z\u0119by na budow\u0119 spalarni w obr\u0119bie Wroc\u0142awia i bezpo\u015brednich okolic. Taki zamiast zg\u0142osi\u0142a tak\u017ce ALBA, kt\u00f3ra chcia\u0142aby wybudowa\u0107 spalarni\u0119 w \u015brodku miasta (prawdopodobnie przy ul. [&hellip;]<\/p>\n","protected":false},"author":1,"featured_media":1949,"comment_status":"closed","ping_status":"open","sticky":false,"template":"","format":"standard","meta":{"_et_pb_use_builder":"","_et_pb_old_content":"","_et_gb_content_width":"","footnotes":""},"categories":[1],"tags":[],"class_list":["post-1948","post","type-post","status-publish","format-standard","has-post-thumbnail","hentry","category-uncategorized"],"_links":{"self":[{"href":"https:\/\/www.stopspalarni.pl\/index.php\/wp-json\/wp\/v2\/posts\/1948","targetHints":{"allow":["GET"]}}],"collection":[{"href":"https:\/\/www.stopspalarni.pl\/index.php\/wp-json\/wp\/v2\/posts"}],"about":[{"href":"https:\/\/www.stopspalarni.pl\/index.php\/wp-json\/wp\/v2\/types\/post"}],"author":[{"embeddable":true,"href":"https:\/\/www.stopspalarni.pl\/index.php\/wp-json\/wp\/v2\/users\/1"}],"replies":[{"embeddable":true,"href":"https:\/\/www.stopspalarni.pl\/index.php\/wp-json\/wp\/v2\/comments?post=1948"}],"version-history":[{"count":1,"href":"https:\/\/www.stopspalarni.pl\/index.php\/wp-json\/wp\/v2\/posts\/1948\/revisions"}],"predecessor-version":[{"id":1950,"href":"https:\/\/www.stopspalarni.pl\/index.php\/wp-json\/wp\/v2\/posts\/1948\/revisions\/1950"}],"wp:featuredmedia":[{"embeddable":true,"href":"https:\/\/www.stopspalarni.pl\/index.php\/wp-json\/wp\/v2\/media\/1949"}],"wp:attachment":[{"href":"https:\/\/www.stopspalarni.pl\/index.php\/wp-json\/wp\/v2\/media?parent=1948"}],"wp:term":[{"taxonomy":"category","embeddable":true,"href":"https:\/\/www.stopspalarni.pl\/index.php\/wp-json\/wp\/v2\/categories?post=1948"},{"taxonomy":"post_tag","embeddable":true,"href":"https:\/\/www.stopspalarni.pl\/index.php\/wp-json\/wp\/v2\/tags?post=1948"}],"curies":[{"name":"wp","href":"https:\/\/api.w.org\/{rel}","templated":true}]}}