{"id":1697,"date":"2023-11-14T18:37:00","date_gmt":"2023-11-14T18:37:00","guid":{"rendered":"https:\/\/www.stopspalarni.pl\/?p=1697"},"modified":"2023-12-12T18:38:11","modified_gmt":"2023-12-12T18:38:11","slug":"wspieramy","status":"publish","type":"post","link":"https:\/\/www.stopspalarni.pl\/index.php\/2023\/11\/14\/wspieramy\/","title":{"rendered":"Wspieramy"},"content":{"rendered":"\n<p>Pozdrawiamy z debaty w sprawie spalarni \u015bmieci w Marszowie k. \u017bagania. W Polsce mamy ju\u017c zabezpieczony wi\u0119cej ni\u017c wystarczaj\u0105cy wolumen spalania \u015bmieci. Powinni\u015bmy zajmowa\u0107 si\u0119 problemem u \u017ar\u00f3d\u0142a &#8211; redukowa\u0107 wolumen odpad\u00f3w, poprawi\u0107 selektywn\u0105 zbi\u00f3rk\u0119, poziomy recyklingu. To jest prawdziwa konieczno\u015b\u0107.<br><br>Wspieramy mieszka\u0144c\u00f3w Zagania, \u017bar i okolic w ich walce. W debacie w imieniu Komitetu spo\u0142ecznego STOP wroc\u0142awskiej spalarni uczestniczyli prof. Maciej Oziemb\u0142owski, Jaros\u0142aw \u017bugaj oraz Leszek K\u0119dzior.<\/p>\n","protected":false},"excerpt":{"rendered":"<p>Pozdrawiamy z debaty w sprawie spalarni \u015bmieci w Marszowie k. \u017bagania. W Polsce mamy ju\u017c zabezpieczony wi\u0119cej ni\u017c wystarczaj\u0105cy wolumen spalania \u015bmieci. Powinni\u015bmy zajmowa\u0107 si\u0119 problemem u \u017ar\u00f3d\u0142a &#8211; redukowa\u0107 wolumen odpad\u00f3w, poprawi\u0107 selektywn\u0105 zbi\u00f3rk\u0119, poziomy recyklingu. To jest prawdziwa konieczno\u015b\u0107. Wspieramy mieszka\u0144c\u00f3w Zagania, \u017bar i okolic w ich walce. W debacie w imieniu Komitetu [&hellip;]<\/p>\n","protected":false},"author":1,"featured_media":1681,"comment_status":"closed","ping_status":"open","sticky":false,"template":"","format":"standard","meta":{"_et_pb_use_builder":"","_et_pb_old_content":"","_et_gb_content_width":"","footnotes":""},"categories":[1],"tags":[],"class_list":["post-1697","post","type-post","status-publish","format-standard","has-post-thumbnail","hentry","category-uncategorized"],"_links":{"self":[{"href":"https:\/\/www.stopspalarni.pl\/index.php\/wp-json\/wp\/v2\/posts\/1697","targetHints":{"allow":["GET"]}}],"collection":[{"href":"https:\/\/www.stopspalarni.pl\/index.php\/wp-json\/wp\/v2\/posts"}],"about":[{"href":"https:\/\/www.stopspalarni.pl\/index.php\/wp-json\/wp\/v2\/types\/post"}],"author":[{"embeddable":true,"href":"https:\/\/www.stopspalarni.pl\/index.php\/wp-json\/wp\/v2\/users\/1"}],"replies":[{"embeddable":true,"href":"https:\/\/www.stopspalarni.pl\/index.php\/wp-json\/wp\/v2\/comments?post=1697"}],"version-history":[{"count":1,"href":"https:\/\/www.stopspalarni.pl\/index.php\/wp-json\/wp\/v2\/posts\/1697\/revisions"}],"predecessor-version":[{"id":1698,"href":"https:\/\/www.stopspalarni.pl\/index.php\/wp-json\/wp\/v2\/posts\/1697\/revisions\/1698"}],"wp:featuredmedia":[{"embeddable":true,"href":"https:\/\/www.stopspalarni.pl\/index.php\/wp-json\/wp\/v2\/media\/1681"}],"wp:attachment":[{"href":"https:\/\/www.stopspalarni.pl\/index.php\/wp-json\/wp\/v2\/media?parent=1697"}],"wp:term":[{"taxonomy":"category","embeddable":true,"href":"https:\/\/www.stopspalarni.pl\/index.php\/wp-json\/wp\/v2\/categories?post=1697"},{"taxonomy":"post_tag","embeddable":true,"href":"https:\/\/www.stopspalarni.pl\/index.php\/wp-json\/wp\/v2\/tags?post=1697"}],"curies":[{"name":"wp","href":"https:\/\/api.w.org\/{rel}","templated":true}]}}