{"id":1556,"date":"2023-05-31T18:12:00","date_gmt":"2023-05-31T18:12:00","guid":{"rendered":"https:\/\/www.stopspalarni.pl\/?p=1556"},"modified":"2023-06-06T18:27:47","modified_gmt":"2023-06-06T18:27:47","slug":"zwyciezyla-zle-pojeta-lojalnosc-wobec-wojta-bronowickiego","status":"publish","type":"post","link":"https:\/\/www.stopspalarni.pl\/index.php\/2023\/05\/31\/zwyciezyla-zle-pojeta-lojalnosc-wobec-wojta-bronowickiego\/","title":{"rendered":"Zwyci\u0119\u017cy\u0142a \u017ale poj\u0119ta lojalno\u015b\u0107 wobec W\u00f3jta Bronowickiego"},"content":{"rendered":"\n<p>Radni Gminy Wisznia Ma\u0142a nie przyj\u0119li uchwa\u0142y potwierdzaj\u0105cej, \u017ce zostali wprowadzeni w b\u0142\u0105d w sprawie spalarni.<\/p>\n\n\n\n<p>W sesji uczestniczy\u0142a delegacja mieszka\u0144c\u00f3w wszystkich trzech gmin &#8211; Wiszni Ma\u0142ej, Wroc\u0142awia i D\u0142ugo\u0142\u0119ki. Nasz g\u0142os zosta\u0142 zignorowany. Podczas burzliwej Sesji mieszka\u0144cy mieli zaledwie po 3 minuty na wypowied\u017a. Czekali\u015bmy ten &#8222;zaszczyt&#8221; 6 godzin na sali.<\/p>\n\n\n\n<p>Przewodnicz\u0105ca Rady Gminy nie chcia\u0142a dopu\u015bci\u0107 do g\u0142osu dr Ewy Rozkosz, pe\u0142nomocnik Komitetu spo\u0142ecznego STOP wroc\u0142awskiej spalarni. Mog\u0142a to zrobi\u0107 dopiero w wolnych wnioskach. Aleksandrze Marciniak z Komitetu Nie dla przemys\u0142u w Malinie nie pozwolono doko\u0144czy\u0107 wypowiedzi. Leszkowi K\u0119dziorowi zarzucano z kolei, \u017ce mieszka w Domaszczynie, cho\u0107 z tej miejscowo\u015bci bli\u017cej do potencjalnego komina spalarni (ok. 3 km) ni\u017c do miejsca gdzie trwa\u0142a sesja (9 km).<\/p>\n\n\n\n<figure class=\"wp-block-embed is-type-video is-provider-youtube wp-block-embed-youtube wp-embed-aspect-16-9 wp-has-aspect-ratio\"><div class=\"wp-block-embed__wrapper\">\n<iframe loading=\"lazy\" title=\"Skr\u00f3t Sesji Rady Gminy Wisznia Ma\u0142a z dnia 31 maja 2023 r.\" width=\"1080\" height=\"608\" src=\"https:\/\/www.youtube.com\/embed\/WKZl-unRt90?feature=oembed\"  allow=\"accelerometer; autoplay; clipboard-write; encrypted-media; gyroscope; picture-in-picture; web-share\" allowfullscreen><\/iframe>\n<\/div><\/figure>\n\n\n\n<p>Przypomnijmy, \u017ce uchwa\u0142a zawiera nast\u0119puj\u0105ce zapisy:<\/p>\n\n\n\n<p><em>&#8222;Radni Gminy przy uchwalaniu przedmiotowej Uchwa\u0142y zostali wprowadzeni w b\u0142\u0105d, przez co Uchwa\u0142a dotkni\u0119ta jest nieusuwaln\u0105 wad\u0105 prawn\u0105 w postaci b\u0142\u0119du o\u015bwiadczenia woli przy jej g\u0142osowaniu.&#8221;<\/em><\/p>\n\n\n\n<p><em>&#8222;Przy procedowaniu Uchwa\u0142y dosz\u0142o do naruszenia jawno\u015bci i przejrzysto\u015bci procedury planistycznej, poniewa\u017c radni nie zostali odpowiednio poinformowani o tym, \u017ce teren ten radykalnie zmienia swoje przeznaczenie na przemys\u0142 uci\u0105\u017cliwy, dopuszczaj\u0105cy przy tym 45-metrow\u0105 wysoko\u015b\u0107 zabudowy i 80-metrowy komin.&#8221;<\/em><\/p>\n\n\n\n<p><em>&#8222;Radni Rady Gminy w czasie procedowania Uchwa\u0142y otrzymali od W\u00f3jta Gminy \u2013 Jakuba Bronowickiego oraz Kierownika Referatu Gospodarki Nieruchomo\u015bci i Planowania Przestrzennego \u2013 Agnieszki Jaworskiej wprowadzaj\u0105ce w b\u0142\u0105d informacje. Podali oni bowiem do wiadomo\u015bci radnych, i\u017c \u201cteren ma zosta\u0107 przeznaczony na magazyny, gara\u017ce i sk\u0142ady-boksy\u201d.&#8221;<\/em><\/p>\n\n\n\n<p>Inicjatorami uchwa\u0142y s\u0105 niez\u0142omni radni opozycyjni &#8211; wiceprzewodnicz\u0105cy Jerzy Puchacz oraz radni Agnieszka Dobrza\u0144ska, Jerzy Szczerbik i Janusz Papa\u0142a. Od wielu miesi\u0119cy pr\u00f3bowali oni podda\u0107 tak\u0105 uchwa\u0142\u0119 pod g\u0142osowanie, ale W\u00f3jt Gminy Jakub Bronowicki wraz z Przewodnicz\u0105c\u0105 Rady Gminy Ma\u0142gorzat\u0105 Ottenbreit wynajdowali coraz to kolejne powody aby do tego nie dopu\u015bci\u0107.<\/p>\n\n\n\n<p>Skr\u00f3t tego co dzia\u0142o si\u0119 na sesji mo\u017cecie obejrze\u0107 powy\u017cej.<\/p>\n","protected":false},"excerpt":{"rendered":"<p>Radni Gminy Wisznia Ma\u0142a nie przyj\u0119li uchwa\u0142y potwierdzaj\u0105cej, \u017ce zostali wprowadzeni w b\u0142\u0105d w sprawie spalarni. W sesji uczestniczy\u0142a delegacja mieszka\u0144c\u00f3w wszystkich trzech gmin &#8211; Wiszni Ma\u0142ej, Wroc\u0142awia i D\u0142ugo\u0142\u0119ki. Nasz g\u0142os zosta\u0142 zignorowany. Podczas burzliwej Sesji mieszka\u0144cy mieli zaledwie po 3 minuty na wypowied\u017a. Czekali\u015bmy ten &#8222;zaszczyt&#8221; 6 godzin na sali. Przewodnicz\u0105ca Rady Gminy [&hellip;]<\/p>\n","protected":false},"author":1,"featured_media":1558,"comment_status":"closed","ping_status":"open","sticky":false,"template":"","format":"standard","meta":{"_et_pb_use_builder":"","_et_pb_old_content":"","_et_gb_content_width":"","footnotes":""},"categories":[1],"tags":[],"class_list":["post-1556","post","type-post","status-publish","format-standard","has-post-thumbnail","hentry","category-uncategorized"],"_links":{"self":[{"href":"https:\/\/www.stopspalarni.pl\/index.php\/wp-json\/wp\/v2\/posts\/1556","targetHints":{"allow":["GET"]}}],"collection":[{"href":"https:\/\/www.stopspalarni.pl\/index.php\/wp-json\/wp\/v2\/posts"}],"about":[{"href":"https:\/\/www.stopspalarni.pl\/index.php\/wp-json\/wp\/v2\/types\/post"}],"author":[{"embeddable":true,"href":"https:\/\/www.stopspalarni.pl\/index.php\/wp-json\/wp\/v2\/users\/1"}],"replies":[{"embeddable":true,"href":"https:\/\/www.stopspalarni.pl\/index.php\/wp-json\/wp\/v2\/comments?post=1556"}],"version-history":[{"count":1,"href":"https:\/\/www.stopspalarni.pl\/index.php\/wp-json\/wp\/v2\/posts\/1556\/revisions"}],"predecessor-version":[{"id":1559,"href":"https:\/\/www.stopspalarni.pl\/index.php\/wp-json\/wp\/v2\/posts\/1556\/revisions\/1559"}],"wp:featuredmedia":[{"embeddable":true,"href":"https:\/\/www.stopspalarni.pl\/index.php\/wp-json\/wp\/v2\/media\/1558"}],"wp:attachment":[{"href":"https:\/\/www.stopspalarni.pl\/index.php\/wp-json\/wp\/v2\/media?parent=1556"}],"wp:term":[{"taxonomy":"category","embeddable":true,"href":"https:\/\/www.stopspalarni.pl\/index.php\/wp-json\/wp\/v2\/categories?post=1556"},{"taxonomy":"post_tag","embeddable":true,"href":"https:\/\/www.stopspalarni.pl\/index.php\/wp-json\/wp\/v2\/tags?post=1556"}],"curies":[{"name":"wp","href":"https:\/\/api.w.org\/{rel}","templated":true}]}}