{"id":1294,"date":"2023-01-15T18:45:00","date_gmt":"2023-01-15T18:45:00","guid":{"rendered":"https:\/\/www.stopspalarni.pl\/?p=1294"},"modified":"2023-01-17T18:50:01","modified_gmt":"2023-01-17T18:50:01","slug":"zieloni-stanowczo-przeciwko-budowie-wroclawskiej-spalarni-smieci","status":"publish","type":"post","link":"https:\/\/www.stopspalarni.pl\/index.php\/2023\/01\/15\/zieloni-stanowczo-przeciwko-budowie-wroclawskiej-spalarni-smieci\/","title":{"rendered":"Zieloni stanowczo przeciwko budowie wroc\u0142awskiej spalarni \u015bmieci!"},"content":{"rendered":"\n<p>Rozwi\u0105zaniem jest zagospodarowanie bioodpad\u00f3w i budowa biogazowni. Dzi\u0119kujemy za wspieranie naszego protestu od samego pocz\u0105tku!<\/p>\n\n\n\n<p>Komitet spo\u0142eczny STOP wroc\u0142awskiej spalarni jest apolityczny, ale nie b\u0119dziemy ukrywa\u0107, \u017ce s\u0105 ruchy i osoby, kt\u00f3re wspieraj\u0105 nasze dzia\u0142ania praktycznie od samego pocz\u0105tku. I jeste\u015bmy im za to ogromnie wdzi\u0119czni. W\u015br\u00f3d nich Ma\u0142gorzata Tracz, Robert Suligowski, Maciej S\u0142obodzian, Teresa Bysiec oraz Marcin Adamcewicz z Partii Zieloni Wroc\u0142aw.<\/p>\n\n\n\n<p>Warto podkre\u015bli\u0107, \u017ce to w\u0142a\u015bnie Zieloni jako pierwsi wyrazili zrozumienie dla naszego protestu i postulat\u00f3w, pierwsi zaoferowali wsparcie. To nieocenione, bo nawet w \u015brodowiskach ekologicznych zdarza si\u0119 jeszcze pogl\u0105d, \u017ce spalarnie to co\u015b po\u017cytecznego. Pokutuj\u0105 manipulacje, mity i b\u0142\u0119dne wyobra\u017cenia, podsycane przez lobby film spalarnianych.<\/p>\n\n\n\n<p>Wczoraj odby\u0142a si\u0119 konferencja Zielonych, podczas kt\u00f3rej ponownie pad\u0142o jasno: NIE dla spalarni \u015bmieci! Rozwi\u0105zaniem jest zagospodarowanie bioodpad\u00f3w oraz budowa biogazowni. To naturalna konsekwencja programu Zielonych, kt\u00f3rego wa\u017cnym filarem jest koncepcja miasta-ogrodu. Dzi\u0119kujemy za ten wa\u017cny g\u0142os, nagrodzony zreszt\u0105 na sali gromkimi brawami.<\/p>\n\n\n\n<p>Przypomnijmy, \u017ce w listopadzie w Sejmie mia\u0142o miejsce posiedzenie Parlamentarnego Zespo\u0142u ds. \u015arodowiska, Energii i Klimatu na temat \u201eRacjonalnej gospodarki odpadami w obiegu zamkni\u0119tym\u201d, z naszym udzia\u0142em. Dzi\u0119ki temu mieli\u015bmy mo\u017cliwo\u015b\u0107 aby przedstawi\u0107 nasze stanowiska. I to posiedzenie zosta\u0142o zorganizowane w\u0142a\u015bnie z inicjatywy pos\u0142anki Ma\u0142gorzaty Tracz z Zielonych.<\/p>\n\n\n\n<p>\u27a1\ufe0f Wi\u0119cej na ten temat:<br><a href=\"https:\/\/www.stopspalarni.pl\/index.php\/2022\/11\/14\/nasze-stanowiska-zostaly-wysluchane\/\">https:\/\/www.stopspalarni.pl\/index.php\/2022\/11\/14\/nasze-stanowiska-zostaly-wysluchane\/<\/a><\/p>\n\n\n\n<p>Dzi\u0119kujemy tak\u017ce innym politykom i cz\u0142onkom r\u00f3\u017cnych organizacji za wsparcie i zrozumienie dla naszych postulat\u00f3w, w szczeg\u00f3lno\u015bci Jacek Protasiewicz z Koalicja Polska, Klaudia Jachira z Koalicja Obywatelska, Piotr Rymarowicz i Pawe\u0142 G\u0142uszy\u0144ski z Towarzystwo na rzecz Ziemi, Krzysztof Smolnicki z Fundacja EkoRozwoju, Rados\u0142aw Gawlik i Pawe\u0142 Pomian z EKO-UNIA, Julia Rokicka ze Stowarzyszenia Biorecykling, Piotr Uhle z Nowa Nadzieja i wiele, wiele innych.<\/p>\n\n\n\n<p>Dzi\u0119kujemy tak\u017ce samorz\u0105dowcom za jasny g\u0142os sprzeciwu wobec forsowanej przez Fortum spalarni, w tym Prezydent Wroc\u0142awia Jacek Sutryk, W\u00f3jt Gminy D\u0142ugo\u0142\u0119ka Wojciech B\u0142o\u0144ski, Burmistrz Trzebnicy Marek D\u0142ugozima. Dzi\u0119kujemy Radnym Magdalena Razik-Trziszka, Agnieszka Dobrza\u0144ska, Jerzy Puchacz, Jerzy Szczerbik, Janusz Papa\u0142a, Arkadiusz Szyde\u0142ko.<\/p>\n\n\n\n<p>Dzi\u0119kujemy!<\/p>\n\n\n\n<p>Komitet spo\u0142eczny STOP wroc\u0142awskiej spalarni<br>GminniAktywi\u015bci<br>Stowarzyszenie Nasze Paw\u0142owice i Ramisz\u00f3w<br>Stowarzyszenie Mieszka\u0144c\u00f3w Gminy Wisznia Ma\u0142a &#8222;Integracja&#8221;<\/p>\n\n\n\n<figure class=\"wp-block-gallery has-nested-images columns-default is-cropped wp-block-gallery-1 is-layout-flex wp-block-gallery-is-layout-flex\">\n<figure class=\"wp-block-image size-large\"><img loading=\"lazy\" decoding=\"async\" width=\"1024\" height=\"768\" data-id=\"1298\" src=\"https:\/\/www.stopspalarni.pl\/wp-content\/uploads\/2023\/01\/IMG_5351-1-1024x768.jpeg\" alt=\"\" class=\"wp-image-1298\" srcset=\"https:\/\/www.stopspalarni.pl\/wp-content\/uploads\/2023\/01\/IMG_5351-1-980x735.jpeg 980w, https:\/\/www.stopspalarni.pl\/wp-content\/uploads\/2023\/01\/IMG_5351-1-480x360.jpeg 480w\" sizes=\"auto, (min-width: 0px) and (max-width: 480px) 480px, (min-width: 481px) and (max-width: 980px) 980px, (min-width: 981px) 1024px, 100vw\" \/><\/figure>\n\n\n\n<figure class=\"wp-block-image size-large\"><img loading=\"lazy\" decoding=\"async\" width=\"1024\" height=\"682\" data-id=\"1297\" src=\"https:\/\/www.stopspalarni.pl\/wp-content\/uploads\/2023\/01\/321196670_934061514639883_1629693082889788920_n-1024x682.jpg\" alt=\"\" class=\"wp-image-1297\" srcset=\"https:\/\/www.stopspalarni.pl\/wp-content\/uploads\/2023\/01\/321196670_934061514639883_1629693082889788920_n-980x653.jpg 980w, https:\/\/www.stopspalarni.pl\/wp-content\/uploads\/2023\/01\/321196670_934061514639883_1629693082889788920_n-480x320.jpg 480w\" sizes=\"auto, (min-width: 0px) and (max-width: 480px) 480px, (min-width: 481px) and (max-width: 980px) 980px, (min-width: 981px) 1024px, 100vw\" \/><\/figure>\n\n\n\n<figure class=\"wp-block-image size-large\"><img loading=\"lazy\" decoding=\"async\" width=\"1024\" height=\"768\" data-id=\"1299\" src=\"https:\/\/www.stopspalarni.pl\/wp-content\/uploads\/2023\/01\/IMG_5348-1-1024x768.jpeg\" alt=\"\" class=\"wp-image-1299\" srcset=\"https:\/\/www.stopspalarni.pl\/wp-content\/uploads\/2023\/01\/IMG_5348-1-980x735.jpeg 980w, https:\/\/www.stopspalarni.pl\/wp-content\/uploads\/2023\/01\/IMG_5348-1-480x360.jpeg 480w\" sizes=\"auto, (min-width: 0px) and (max-width: 480px) 480px, (min-width: 481px) and (max-width: 980px) 980px, (min-width: 981px) 1024px, 100vw\" \/><\/figure>\n<\/figure>\n","protected":false},"excerpt":{"rendered":"<p>Rozwi\u0105zaniem jest zagospodarowanie bioodpad\u00f3w i budowa biogazowni. Dzi\u0119kujemy za wspieranie naszego protestu od samego pocz\u0105tku! Komitet spo\u0142eczny STOP wroc\u0142awskiej spalarni jest apolityczny, ale nie b\u0119dziemy ukrywa\u0107, \u017ce s\u0105 ruchy i osoby, kt\u00f3re wspieraj\u0105 nasze dzia\u0142ania praktycznie od samego pocz\u0105tku. I jeste\u015bmy im za to ogromnie wdzi\u0119czni. W\u015br\u00f3d nich Ma\u0142gorzata Tracz, Robert Suligowski, Maciej S\u0142obodzian, Teresa [&hellip;]<\/p>\n","protected":false},"author":1,"featured_media":1296,"comment_status":"closed","ping_status":"open","sticky":false,"template":"","format":"standard","meta":{"_et_pb_use_builder":"","_et_pb_old_content":"","_et_gb_content_width":"","footnotes":""},"categories":[1],"tags":[],"class_list":["post-1294","post","type-post","status-publish","format-standard","has-post-thumbnail","hentry","category-uncategorized"],"_links":{"self":[{"href":"https:\/\/www.stopspalarni.pl\/index.php\/wp-json\/wp\/v2\/posts\/1294","targetHints":{"allow":["GET"]}}],"collection":[{"href":"https:\/\/www.stopspalarni.pl\/index.php\/wp-json\/wp\/v2\/posts"}],"about":[{"href":"https:\/\/www.stopspalarni.pl\/index.php\/wp-json\/wp\/v2\/types\/post"}],"author":[{"embeddable":true,"href":"https:\/\/www.stopspalarni.pl\/index.php\/wp-json\/wp\/v2\/users\/1"}],"replies":[{"embeddable":true,"href":"https:\/\/www.stopspalarni.pl\/index.php\/wp-json\/wp\/v2\/comments?post=1294"}],"version-history":[{"count":1,"href":"https:\/\/www.stopspalarni.pl\/index.php\/wp-json\/wp\/v2\/posts\/1294\/revisions"}],"predecessor-version":[{"id":1300,"href":"https:\/\/www.stopspalarni.pl\/index.php\/wp-json\/wp\/v2\/posts\/1294\/revisions\/1300"}],"wp:featuredmedia":[{"embeddable":true,"href":"https:\/\/www.stopspalarni.pl\/index.php\/wp-json\/wp\/v2\/media\/1296"}],"wp:attachment":[{"href":"https:\/\/www.stopspalarni.pl\/index.php\/wp-json\/wp\/v2\/media?parent=1294"}],"wp:term":[{"taxonomy":"category","embeddable":true,"href":"https:\/\/www.stopspalarni.pl\/index.php\/wp-json\/wp\/v2\/categories?post=1294"},{"taxonomy":"post_tag","embeddable":true,"href":"https:\/\/www.stopspalarni.pl\/index.php\/wp-json\/wp\/v2\/tags?post=1294"}],"curies":[{"name":"wp","href":"https:\/\/api.w.org\/{rel}","templated":true}]}}