{"id":1202,"date":"2022-12-01T22:56:00","date_gmt":"2022-12-01T22:56:00","guid":{"rendered":"https:\/\/www.stopspalarni.pl\/?p=1202"},"modified":"2022-12-13T23:25:48","modified_gmt":"2022-12-13T23:25:48","slug":"kolejny-raz-w-sejmie","status":"publish","type":"post","link":"https:\/\/www.stopspalarni.pl\/index.php\/2022\/12\/01\/kolejny-raz-w-sejmie\/","title":{"rendered":"Kolejny raz w Sejmie!"},"content":{"rendered":"\n<p>W walce o nasz\u0105 przysz\u0142o\u015b\u0107 nie zwalniamy tempa, a wr\u0119cz przyspieszamy! Dzi\u015b uczestniczyli\u015bmy w posiedzeniu Komisji Ochrony \u015arodowiska, Zasob\u00f3w Naturalnych i Le\u015bnictwa. Wraz z nami by\u0142 te\u017c m.in.pose\u0142 Jacek Protasiewicz.<\/p>\n\n\n\n<p>\u27a1\ufe0f Minister Klimatu i \u015arodowiska nadal upiera si\u0119, \u017ce w Polsce &#8222;mamy deficyt&#8221; spalarni odpad\u00f3w. Zdaje sobie jednak spraw\u0119, \u017ce UE zmierza do obj\u0119cia spalarni op\u0142atami za emisje CO2.<br>\u27a1\ufe0f Nasz przedstawiciel po raz kolejny zaprezentowa\u0142 wyliczenia z kt\u00f3rych wynika niezbicie, \u017ce w Polsce liczba spalarni jest ju\u017c zabezpieczona.<br>\u27a1\ufe0f <em>&#8222;Nie b\u0119dzie czym pali\u0107 w tych nowych spalarniach. Nie wchod\u017amy w to, bo jest po prostu kompletnie bez sensu&#8221;<\/em> &#8211; m\u00f3wi\u0142a pos\u0142anka Joanna Mucha.<br>\u27a1\ufe0f Podczas posiedzenia bardzo sensowne wyst\u0105pienia mieli tak\u017ce pos\u0142anki i pos\u0142owie Anna Sowi\u0144ska, Daria Gosek-Popio\u0142ek, Jacek Protasiewicz i Urszula Zieli\u0144ska. Dzi\u0119kujemy!<br>\u27a1\ufe0f &#8222;Nie potrzebujemy wi\u0119cej spalarni odpad\u00f3w. Rozwi\u0105zania le\u017c\u0105 gdzie indziej.&#8221; &#8211; przemi\u0142ym drobiazgiem by\u0142o wy\u015bwietlanie na ekranie, przez znaczn\u0105 cz\u0119\u015b\u0107 posiedzenia, tytu\u0142owego slajdu naszej prezentacji<br>\u27a1\ufe0f Zapis posiedzenia:\u00a0<a>bit.ly\/3FhZ6JZ<\/a><\/p>\n\n\n\n<figure class=\"wp-block-gallery has-nested-images columns-default is-cropped wp-block-gallery-1 is-layout-flex wp-block-gallery-is-layout-flex\">\n<figure class=\"wp-block-image size-large\"><img loading=\"lazy\" decoding=\"async\" width=\"1024\" height=\"768\" data-id=\"1206\" src=\"https:\/\/www.stopspalarni.pl\/wp-content\/uploads\/2022\/12\/WhatsApp-Image-2022-12-01-at-08.59.58.jpeg\" alt=\"\" class=\"wp-image-1206\" srcset=\"https:\/\/www.stopspalarni.pl\/wp-content\/uploads\/2022\/12\/WhatsApp-Image-2022-12-01-at-08.59.58.jpeg 1024w, https:\/\/www.stopspalarni.pl\/wp-content\/uploads\/2022\/12\/WhatsApp-Image-2022-12-01-at-08.59.58-980x735.jpeg 980w, https:\/\/www.stopspalarni.pl\/wp-content\/uploads\/2022\/12\/WhatsApp-Image-2022-12-01-at-08.59.58-480x360.jpeg 480w\" sizes=\"auto, (min-width: 0px) and (max-width: 480px) 480px, (min-width: 481px) and (max-width: 980px) 980px, (min-width: 981px) 1024px, 100vw\" \/><\/figure>\n\n\n\n<figure class=\"wp-block-image size-large\"><img loading=\"lazy\" decoding=\"async\" width=\"768\" height=\"1024\" data-id=\"1208\" src=\"https:\/\/www.stopspalarni.pl\/wp-content\/uploads\/2022\/12\/WhatsApp-Image-2022-12-01-at-08.37.38.jpeg\" alt=\"\" class=\"wp-image-1208\" srcset=\"https:\/\/www.stopspalarni.pl\/wp-content\/uploads\/2022\/12\/WhatsApp-Image-2022-12-01-at-08.37.38.jpeg 768w, https:\/\/www.stopspalarni.pl\/wp-content\/uploads\/2022\/12\/WhatsApp-Image-2022-12-01-at-08.37.38-480x640.jpeg 480w\" sizes=\"auto, (min-width: 0px) and (max-width: 480px) 480px, (min-width: 481px) 768px, 100vw\" \/><\/figure>\n\n\n\n<figure class=\"wp-block-image size-large\"><img loading=\"lazy\" decoding=\"async\" width=\"1024\" height=\"768\" data-id=\"1212\" src=\"https:\/\/www.stopspalarni.pl\/wp-content\/uploads\/2022\/12\/WhatsApp-Image-2022-12-01-at-08.35.31.jpeg\" alt=\"\" class=\"wp-image-1212\" srcset=\"https:\/\/www.stopspalarni.pl\/wp-content\/uploads\/2022\/12\/WhatsApp-Image-2022-12-01-at-08.35.31.jpeg 1024w, https:\/\/www.stopspalarni.pl\/wp-content\/uploads\/2022\/12\/WhatsApp-Image-2022-12-01-at-08.35.31-980x735.jpeg 980w, https:\/\/www.stopspalarni.pl\/wp-content\/uploads\/2022\/12\/WhatsApp-Image-2022-12-01-at-08.35.31-480x360.jpeg 480w\" sizes=\"auto, (min-width: 0px) and (max-width: 480px) 480px, (min-width: 481px) and (max-width: 980px) 980px, (min-width: 981px) 1024px, 100vw\" \/><\/figure>\n\n\n\n<figure class=\"wp-block-image size-large\"><img loading=\"lazy\" decoding=\"async\" width=\"768\" height=\"1024\" data-id=\"1213\" src=\"https:\/\/www.stopspalarni.pl\/wp-content\/uploads\/2022\/12\/WhatsApp-Image-2022-12-01-at-08.35.30.jpeg\" alt=\"\" class=\"wp-image-1213\" srcset=\"https:\/\/www.stopspalarni.pl\/wp-content\/uploads\/2022\/12\/WhatsApp-Image-2022-12-01-at-08.35.30.jpeg 768w, https:\/\/www.stopspalarni.pl\/wp-content\/uploads\/2022\/12\/WhatsApp-Image-2022-12-01-at-08.35.30-480x640.jpeg 480w\" sizes=\"auto, (min-width: 0px) and (max-width: 480px) 480px, (min-width: 481px) 768px, 100vw\" \/><\/figure>\n\n\n\n<figure class=\"wp-block-image size-large\"><img loading=\"lazy\" decoding=\"async\" width=\"1024\" height=\"768\" data-id=\"1211\" src=\"https:\/\/www.stopspalarni.pl\/wp-content\/uploads\/2022\/12\/WhatsApp-Image-2022-12-01-at-08.41.05.jpeg\" alt=\"\" class=\"wp-image-1211\" srcset=\"https:\/\/www.stopspalarni.pl\/wp-content\/uploads\/2022\/12\/WhatsApp-Image-2022-12-01-at-08.41.05.jpeg 1024w, https:\/\/www.stopspalarni.pl\/wp-content\/uploads\/2022\/12\/WhatsApp-Image-2022-12-01-at-08.41.05-980x735.jpeg 980w, https:\/\/www.stopspalarni.pl\/wp-content\/uploads\/2022\/12\/WhatsApp-Image-2022-12-01-at-08.41.05-480x360.jpeg 480w\" sizes=\"auto, (min-width: 0px) and (max-width: 480px) 480px, (min-width: 481px) and (max-width: 980px) 980px, (min-width: 981px) 1024px, 100vw\" \/><\/figure>\n\n\n\n<figure class=\"wp-block-image size-large\"><img loading=\"lazy\" decoding=\"async\" width=\"1024\" height=\"768\" data-id=\"1209\" src=\"https:\/\/www.stopspalarni.pl\/wp-content\/uploads\/2022\/12\/WhatsApp-Image-2022-12-01-at-08.54.06.jpeg\" alt=\"\" class=\"wp-image-1209\" srcset=\"https:\/\/www.stopspalarni.pl\/wp-content\/uploads\/2022\/12\/WhatsApp-Image-2022-12-01-at-08.54.06.jpeg 1024w, https:\/\/www.stopspalarni.pl\/wp-content\/uploads\/2022\/12\/WhatsApp-Image-2022-12-01-at-08.54.06-980x735.jpeg 980w, https:\/\/www.stopspalarni.pl\/wp-content\/uploads\/2022\/12\/WhatsApp-Image-2022-12-01-at-08.54.06-480x360.jpeg 480w\" sizes=\"auto, (min-width: 0px) and (max-width: 480px) 480px, (min-width: 481px) and (max-width: 980px) 980px, (min-width: 981px) 1024px, 100vw\" \/><\/figure>\n<\/figure>\n\n\n\n<p>Dzisiejsze posiedzenie by\u0142o szczeg\u00f3lne poniewa\u017c w trakcie zaplanowano wyst\u0105pienie Ministra Klimatu i \u015arodowiska Jacka Ozdoby na temat &#8222;roli termicznego przekszta\u0142cania odpad\u00f3w w gospodarce odpadami komunalnymi w kontek\u015bcie wdra\u017cania gospodarki w obiegu zamkni\u0119tym w Polsce&#8221;.<\/p>\n\n\n\n<p>Przypomnijmy, \u017ce MKi\u015a otwarcie wspiera budow\u0119 spalarni. Co gorsza, podleg\u0142y mu Narodowy Fundusz Ochrony \u015arodowiska i Gospodarki Wodnej przeznaczy\u0142 ju\u017c 3 mld z\u0142 na dofinansowanie budowy spalarni. Szef NFO\u015aiGW m\u00f3wi wr\u0119cz o 16 mld z\u0142 na spalarnie oraz twierdzi, \u017ce nale\u017cy ograniczy\u0107 wp\u0142yw spo\u0142eczno\u015bci lokalnych i organizacji ekologicznych.<\/p>\n\n\n\n<p>Wypowied\u017a Ministra Klimatu i \u015arodowiska niczym nie zaskoczy\u0142a. Jacek Ozdoba ponownie podtrzyma\u0142, \u017ce spalarnie w Polsce s\u0105 niezb\u0119dne, bo z cz\u0119\u015bci\u0105 odpad\u00f3w nie ma co zrobi\u0107. Widoczna jest jednak zmiana retoryki &#8211; mowa by\u0142o ju\u017c o zaledwie &#8222;kilku&#8221; potrzebnych spalarniach.<\/p>\n\n\n\n<p>Ponadto minister odnosi\u0142 si\u0119 do plan\u00f3w UE w zakresie w\u0142\u0105czenia spalarni odpad\u00f3w do systemu ETS, a wi\u0119c obj\u0119cia ich op\u0142atami za emisje CO2. I cho\u0107 podkre\u015bla\u0142, \u017ce ministerstwo jest temu przeciwne to nie negowa\u0142, \u017ce takie plany faktycznie s\u0105. Nie wyklucza\u0142 tak\u017ce wprowadzenia przepis\u00f3w reguluj\u0105cych minimaln\u0105 odleg\u0142o\u015b\u0107 spalarni od zabudowa\u0144 mieszkalnych.<\/p>\n\n\n\n<p>Reprezentuj\u0105cy nas Jaros\u0142aw \u017bugaj podkre\u015bla\u0142, \u017ce spalarnie odpad\u00f3w s\u0105 niezgodne z kierunkami wyznaczonymi przez Uni\u0119 Europejsk\u0105. W szczeg\u00f3lno\u015bci z kluczowym rozporz\u0105dzeniem UE, tzw. Taksonomi\u0105, gdzie jest wyra\u017anie mowa (art. 17), \u017ce <em>&#8222;spalarnie odpad\u00f3w wyrz\u0105dzaj\u0105 powa\u017cne szkody \u015brodowiskowe i nie wpisuj\u0105 si\u0119 w Gospodark\u0119 o Obiegu Zamkni\u0119tym&#8221;<\/em>, co jest przedmiotem tego posiedzenia.<\/p>\n\n\n\n<p>Podkre\u015bla\u0142 te\u017c, \u017ce w Polsce nie potrzebujemy wi\u0119cej spalarni odpad\u00f3w, bo liczba takich instalacji istniej\u0105cych, cementowni, a tak\u017ce spalarni w budowie jest ju\u017c wi\u0119cej ni\u017c wystarczaj\u0105ca. W dalszym ci\u0105gu kierujemy za\u015b strumie\u0144 \u015brodk\u00f3w publicznych na dzia\u0142ania niepotrzebne, szkodliwe \u015brodowiskowo i niezgodne ze strategi\u0105 REPower EU. <em>&#8222;Gdzie jest tego wszystkiego sens?&#8221;<\/em> &#8211; pyta\u0142.<\/p>\n\n\n\n<h2 class=\"wp-block-heading\">W toku dyskusji, obecne na sali pos\u0142anki i pos\u0142owie zwracali uwag\u0119 na wiele absurd\u00f3w<\/h2>\n\n\n\n<p>Pos\u0142anka Anita Sowi\u0144ska wytyka\u0142a, \u017ce pomimo szczytnych s\u0142\u00f3w o hierarchii post\u0119powania z odpadami, ministerstwo do dzi\u015b nie wdro\u017cy\u0142o np. Rozszerzonej Odpowiedzialno\u015bci Producenta, a tak\u017ce dezinformuje w sprawie systemu ETS z kt\u00f3rego \u015brodki trafiaj\u0105 z powrotem do Polski i powinny by\u0107 przynajmniej w po\u0142owie przeznaczone na ochron\u0119 \u015brodowiska.<\/p>\n\n\n\n<p>Pos\u0142anka Daria Gosek-Popio\u0142ek zauwa\u017ca\u0142a, \u017ce budowane spalarnie odpad\u00f3w s\u0105 <em>&#8222;absolutnie przeskalowane&#8221;<\/em>, co wykazywa\u0142a na przyk\u0142adzie spalarni forsowanej w Bielsku-Bia\u0142ej, Bydgoszczy. Podkre\u015bla\u0142a, \u017ce m\u00f3wimy o ROPie, recyklingu, ale gdy spojrzy si\u0119 bli\u017cej na takie instalacje to mamy do czynienia z trendem wr\u0119cz przeciwnym.<\/p>\n\n\n\n<p>Pos\u0142anka Joanna Mucha zwraca\u0142a uwag\u0119, \u017ce <em>&#8222;nie ma absolutnie \u017cadnego sensu aby budowa\u0107 nowe spalarnie&#8221;<\/em>. Spalarnie odpad\u00f3w nie wpisuj\u0105 si\u0119 w Gospodark\u0119 o Obiegu Zamkni\u0119tym, a liczba odpad\u00f3w b\u0119dzie si\u0119 diametralnie zmniejsza\u0107. Odnosi\u0142a si\u0119 do posiedzeniu sejmowego Zespo\u0142u do spraw \u015arodowiska, Energii i Klimatu, w kt\u00f3rym brali\u015bmy udzia\u0142 (bit.ly\/3VgLKDv). &#8222;Nie b\u0119dzie czym pali\u0107 w tych nowych spalarniach. Nie wchod\u017amy w to bo jest po prostu kompletnie bez sensu.&#8221; &#8211; podsumowywa\u0142a.<\/p>\n\n\n\n<p>Wsparciem naszego g\u0142osu by\u0142 tak\u017ce niezast\u0105piony pose\u0142 Jacek Protasiewicz, kt\u00f3ry zwraca\u0142 uwag\u0119 na pomijanie g\u0142osu spo\u0142ecznego, konsultacji spo\u0142ecznych w forsowaniu budowy kolejnych spalarni, pr\u00f3bach budowy spalarni tu\u017c przy zabudowaniach mieszkalnych. Podnosi\u0142 te\u017c kwesti\u0119 przewidywanego w\u0142\u0105czenia spalarni do systemu ETS.<\/p>\n\n\n\n<p>Pos\u0142anka Urszula Zieli\u0144ska podkre\u015bla\u0142a, \u017ce wp\u0142ywy z ETSu na ten rok, szacowane s\u0105 na 10 mld z\u0142, zosta\u0142y przesuni\u0119te na dodatek w\u0119glowy. I tak b\u0119dzie r\u00f3wnie\u017c prawdopodobnie w kolejnych latach. Zwraca\u0142a uwag\u0119, \u017ce opr\u00f3cz tego z ETS otrzymujemy kolejne 20 mld z\u0142 w postaci Funduszu Modernizacyjnego. Podkre\u015bla\u0142a, \u017ce jeste\u015bmy g\u0142\u00f3wnym beneficjentem tego programu, kt\u00f3rego celem jest wsparcie w przechodzeniu na niskokosztowe, niskoemisyjne technologie.<\/p>\n\n\n\n<p>Nawet w wypowiedziach zwolennik\u00f3w spalarni, takich jak pose\u0142 Stanis\u0142aw \u017buk, obok absurd\u00f3w (&#8222;kocio\u0142 rusztowy to najwy\u017cszy poziom techniczny&#8221;) da\u0142o si\u0105 zauwa\u017cy\u0107 poparcie dla naszych postulat\u00f3w &#8211; post\u0119powania zgodnie z hierarchi\u0105 gospodarowania odpadami, a tak\u017ce konieczno\u015bci uzgodnie\u0144 regionalnych przed zaplanowaniem takich inwestycji. Pose\u0142 \u017buk zauwa\u017ca\u0142 tak\u017ce, \u017ce cena op\u0142at uprawnie\u0144 do emisji CO2 dochodzi ju\u017c do 100 EUR, co r\u00f3wnie\u017c podnosimy wykazuj\u0105c absurdalno\u015b\u0107 budowania kolejnych spalarni, bo koszty tych emisji poniesiemy w op\u0142atach za odpady oraz wytworzon\u0105 w nich energi\u0119.<\/p>\n\n\n\n<h2 class=\"wp-block-heading\">Wypowiadali si\u0119 tak\u017ce inni przedstawiciele strony spo\u0142ecznej<\/h2>\n\n\n\n<p>Jacek Werder z Instytutu Strategie Polska 2050 przypomina\u0142, \u017ce spalarnie s\u0105 wyra\u017anie okre\u015blone w Taksonomii jako rozwi\u0105zania szkodliwe \u015brodowiskowo i nie wpisuj\u0105ce si\u0119 w GOZ. Jacek Werder odnosi\u0142 si\u0119 tak\u017ce do negatywnego wp\u0142ywu na zdrowie o kt\u00f3rym m\u00f3wi\u0142 dwa temu prof. Andrzej Hendrich podczas przedwczorajszego posiedzenia, w kt\u00f3rym uczestniczyli\u015bmy (<a href=\"http:\/\/bit.ly\/3VtFLv9\">bit.ly\/3VtFLv9<\/a>)<\/p>\n\n\n\n<p>Wypowiada\u0142a si\u0119 tak\u017ce Ma\u0142gorzata Zych z inicjatywy &#8222;NIE dla spalarni w Tarnobrzegu&#8221;, kt\u00f3ra zwraca\u0142a uwag\u0119, \u017ce jest z wojew\u00f3dztwa gdzie zaplanowano tak\u0105 liczb\u0119 spalarni odpad\u00f3w, \u017ce aby je zasili\u0107 trzeba by spali\u0107 90% wytwarzanych odpad\u00f3w. Punktowa\u0142a tak\u017ce, \u017ce interes inwestora jest przedk\u0142adany nad zdrowie i \u017cycie mieszka\u0144c\u00f3w, nad \u015brodowisko.<\/p>\n\n\n\n<p>Przezabawnym i mi\u0142ym akcentem podczas posiedzenia by\u0142o wy\u015bwietlanie przez spor\u0105 cz\u0119\u015b\u0107 czasu tytu\u0142owego slajdu naszej prezentacji <em>&#8222;Nie potrzebujemy wi\u0119cej spalarni odpad\u00f3w. Rozwi\u0105zania le\u017c\u0105 gdzie indziej.&#8221;<\/em>. I niech to w\u0142a\u015bnie pos\u0142u\u017cy za najlepsze podsumowanie!<\/p>\n","protected":false},"excerpt":{"rendered":"<p>W walce o nasz\u0105 przysz\u0142o\u015b\u0107 nie zwalniamy tempa, a wr\u0119cz przyspieszamy! Dzi\u015b uczestniczyli\u015bmy w posiedzeniu Komisji Ochrony \u015arodowiska, Zasob\u00f3w Naturalnych i Le\u015bnictwa. Wraz z nami by\u0142 te\u017c m.in.pose\u0142 Jacek Protasiewicz. \u27a1\ufe0f Minister Klimatu i \u015arodowiska nadal upiera si\u0119, \u017ce w Polsce &#8222;mamy deficyt&#8221; spalarni odpad\u00f3w. Zdaje sobie jednak spraw\u0119, \u017ce UE zmierza do obj\u0119cia spalarni [&hellip;]<\/p>\n","protected":false},"author":1,"featured_media":1204,"comment_status":"closed","ping_status":"open","sticky":false,"template":"","format":"standard","meta":{"_et_pb_use_builder":"","_et_pb_old_content":"","_et_gb_content_width":"","footnotes":""},"categories":[1],"tags":[],"class_list":["post-1202","post","type-post","status-publish","format-standard","has-post-thumbnail","hentry","category-uncategorized"],"_links":{"self":[{"href":"https:\/\/www.stopspalarni.pl\/index.php\/wp-json\/wp\/v2\/posts\/1202","targetHints":{"allow":["GET"]}}],"collection":[{"href":"https:\/\/www.stopspalarni.pl\/index.php\/wp-json\/wp\/v2\/posts"}],"about":[{"href":"https:\/\/www.stopspalarni.pl\/index.php\/wp-json\/wp\/v2\/types\/post"}],"author":[{"embeddable":true,"href":"https:\/\/www.stopspalarni.pl\/index.php\/wp-json\/wp\/v2\/users\/1"}],"replies":[{"embeddable":true,"href":"https:\/\/www.stopspalarni.pl\/index.php\/wp-json\/wp\/v2\/comments?post=1202"}],"version-history":[{"count":2,"href":"https:\/\/www.stopspalarni.pl\/index.php\/wp-json\/wp\/v2\/posts\/1202\/revisions"}],"predecessor-version":[{"id":1215,"href":"https:\/\/www.stopspalarni.pl\/index.php\/wp-json\/wp\/v2\/posts\/1202\/revisions\/1215"}],"wp:featuredmedia":[{"embeddable":true,"href":"https:\/\/www.stopspalarni.pl\/index.php\/wp-json\/wp\/v2\/media\/1204"}],"wp:attachment":[{"href":"https:\/\/www.stopspalarni.pl\/index.php\/wp-json\/wp\/v2\/media?parent=1202"}],"wp:term":[{"taxonomy":"category","embeddable":true,"href":"https:\/\/www.stopspalarni.pl\/index.php\/wp-json\/wp\/v2\/categories?post=1202"},{"taxonomy":"post_tag","embeddable":true,"href":"https:\/\/www.stopspalarni.pl\/index.php\/wp-json\/wp\/v2\/tags?post=1202"}],"curies":[{"name":"wp","href":"https:\/\/api.w.org\/{rel}","templated":true}]}}