{"id":117,"date":"2021-06-23T14:44:00","date_gmt":"2021-06-23T14:44:00","guid":{"rendered":"http:\/\/www.stopspalarni.pl\/?p=117"},"modified":"2021-06-25T15:21:17","modified_gmt":"2021-06-25T15:21:17","slug":"radni-wroclawia-dyskutuja-o-spalarni-w-radiu-wroclaw","status":"publish","type":"post","link":"https:\/\/www.stopspalarni.pl\/index.php\/2021\/06\/23\/radni-wroclawia-dyskutuja-o-spalarni-w-radiu-wroclaw\/","title":{"rendered":"Radni Wroc\u0142awia dyskutuj\u0105 o spalarni w Radiu Wroc\u0142aw"},"content":{"rendered":"\n<p>Niezwykle interesuj\u0105ca audycja w Radio Wroc\u0142aw po\u015bwi\u0119cona w ca\u0142o\u015bci spalarni. Go\u015b\u0107mi programu byli radni: Miros\u0142aw Lach (Klub Radnych Forum Jacka Sutryka Wroc\u0142aw Wsp\u00f3lna Sprawa), Andrzej Kilijanek (Prawo i Sprawiedliwo\u015b\u0107), Piotr Uhle (.Nowoczesna).<\/p>\n\n\n\n<blockquote class=\"wp-block-quote is-style-default is-layout-flow wp-block-quote-is-layout-flow\"><p><em>&#8222;Jest to olbrzymia spalarnia, kt\u00f3r\u0105 Fortum zamierza wybudowa\u0107, du\u017co du\u017co wi\u0119ksza ni\u017c w og\u00f3le frakcja kt\u00f3r\u0105 &#8211; wed\u0142ug deklaracji mia\u0142aby ta spalarnia si\u0119 zajmowa\u0107 &#8211; produkuje Wroc\u0142aw i okoliczne gminy, To jest sytuacja, kt\u00f3ra absolutnie wymaga wyja\u015bnienia i absolutnie nie jest zako\u0144czona.&#8221;<\/em><\/p><cite>&#8211; powiedzia\u0142 Piotr Uhle<\/cite><\/blockquote>\n\n\n\n<p>Cieszy nas \u015bwiadomo\u015b\u0107 radnych, \u017ce firma Fortum wprowadza opini\u0119 publiczn\u0105 w b\u0142\u0105d twierdz\u0105c, i\u017c ta spalarnia jest odpowiedzi\u0105 na potrzeby Wroc\u0142awia i aglomeracji wroc\u0142awskiej. Absolutnie bowiem tak nie jest. <\/p>\n\n\n\n<p>W chwili obecnej w skali Polski funkcjonuje ju\u017c wystarczaj\u0105co du\u017co spalarni jak na krajowe potrzeby, szczeg\u00f3lnie \u017ce ilo\u015b\u0107 odpad\u00f3w kt\u00f3re b\u0119dzie mo\u017cna spala\u0107 b\u0119dzie w kolejnych latach spada\u0107. Budowa kolejnej spalarni nie ma innego uzasadnienia ni\u017c spalanie \u015bmieci sprowadzanych z zagranicy. To po prostu biznes. <\/p>\n\n\n\n<blockquote class=\"wp-block-quote is-layout-flow wp-block-quote-is-layout-flow\"><p>Cieszy te\u017c, \u017ce radni zdaj\u0105 sobie spraw\u0119, i\u017c apel prezydenta i w\u00f3jt\u00f3w do Fortum o wycofanie si\u0119 z plan\u00f3w budowy spalarni nie za\u0142atwia sprawy. M\u00f3wi\u0142 o tym Andrzej Kilijanek:<\/p><cite>&#8222;Wydaje si\u0119 proces post\u0119puje, firma Fortum m\u00f3wi, \u017ce do 12 miesi\u0119cy dowiemy si\u0119 czy b\u0119dzie chcia\u0142a realizowa\u0107 tak\u0105 inwestycj\u0119. (&#8230;)&#8221;<\/cite><\/blockquote>\n\n\n\n<p>Wi\u0119cej w materiale Radio Wroc\u0142aw, gor\u0105co polecamy ods\u0142uchanie ca\u0142o\u015bci [<a href=\"https:\/\/l.facebook.com\/l.php?u=https%3A%2F%2Fwww.radiowroclaw.pl%2Farticles%2Fview%2F109529%2Fpolityka-Czy-w-sasiedztwie-Wroclawia-powstania-spalarnia-odpadow%3Ffbclid%3DIwAR1jMIhVkYnqef7-A8ERJJNe_0NI__gxgWfmuqWYPrhbkkJSkbvYHiA_Qew&amp;h=AT1mIMo1drr5Oii_y2RJugxzDsVh4g6ef60vXgkTdkXxtOucrNk-mq1DbJ19DOvyiDvq5ypAXdDh1deOxL9f09aq2tUiwUxab4C-CHQ8Xnn1YcTBNTFOyOTxPbYuFNFDqH07BQ4&amp;__tn__=%2CmH-R&amp;c[0]=AT35BPG96o0im3AX5J_zyxdMEkFB7OLH1HDdihDzu8wG9j7z10jOaiFCC9-hORWxxje53IpxLMWV1Mw8C1e-2zJN_--WApMbMQvcrdNAH6gjYOBpESfJsT0j7Sg47TbSBK--zag0oaG8KOA7ttJmTDGEFzKM7pkF-ndRHKuRZwec2lAPbPpHlxLKH8Bp9xo-iHfc_4JYu-q7R24F0w\">link<\/a>]<\/p>\n","protected":false},"excerpt":{"rendered":"<p>Niezwykle interesuj\u0105ca audycja w Radio Wroc\u0142aw po\u015bwi\u0119cona w ca\u0142o\u015bci spalarni. Go\u015b\u0107mi programu byli radni: Miros\u0142aw Lach (Klub Radnych Forum Jacka Sutryka Wroc\u0142aw Wsp\u00f3lna Sprawa), Andrzej Kilijanek (Prawo i Sprawiedliwo\u015b\u0107), Piotr Uhle (.Nowoczesna). &#8222;Jest to olbrzymia spalarnia, kt\u00f3r\u0105 Fortum zamierza wybudowa\u0107, du\u017co du\u017co wi\u0119ksza ni\u017c w og\u00f3le frakcja kt\u00f3r\u0105 &#8211; wed\u0142ug deklaracji mia\u0142aby ta spalarnia si\u0119 [&hellip;]<\/p>\n","protected":false},"author":2,"featured_media":118,"comment_status":"closed","ping_status":"open","sticky":false,"template":"","format":"standard","meta":{"_et_pb_use_builder":"off","_et_pb_old_content":"","_et_gb_content_width":"","footnotes":""},"categories":[3,4,10],"tags":[],"class_list":["post-117","post","type-post","status-publish","format-standard","has-post-thumbnail","hentry","category-aglomeracja-wroclawska","category-aktualnosci","category-media"],"_links":{"self":[{"href":"https:\/\/www.stopspalarni.pl\/index.php\/wp-json\/wp\/v2\/posts\/117","targetHints":{"allow":["GET"]}}],"collection":[{"href":"https:\/\/www.stopspalarni.pl\/index.php\/wp-json\/wp\/v2\/posts"}],"about":[{"href":"https:\/\/www.stopspalarni.pl\/index.php\/wp-json\/wp\/v2\/types\/post"}],"author":[{"embeddable":true,"href":"https:\/\/www.stopspalarni.pl\/index.php\/wp-json\/wp\/v2\/users\/2"}],"replies":[{"embeddable":true,"href":"https:\/\/www.stopspalarni.pl\/index.php\/wp-json\/wp\/v2\/comments?post=117"}],"version-history":[{"count":3,"href":"https:\/\/www.stopspalarni.pl\/index.php\/wp-json\/wp\/v2\/posts\/117\/revisions"}],"predecessor-version":[{"id":127,"href":"https:\/\/www.stopspalarni.pl\/index.php\/wp-json\/wp\/v2\/posts\/117\/revisions\/127"}],"wp:featuredmedia":[{"embeddable":true,"href":"https:\/\/www.stopspalarni.pl\/index.php\/wp-json\/wp\/v2\/media\/118"}],"wp:attachment":[{"href":"https:\/\/www.stopspalarni.pl\/index.php\/wp-json\/wp\/v2\/media?parent=117"}],"wp:term":[{"taxonomy":"category","embeddable":true,"href":"https:\/\/www.stopspalarni.pl\/index.php\/wp-json\/wp\/v2\/categories?post=117"},{"taxonomy":"post_tag","embeddable":true,"href":"https:\/\/www.stopspalarni.pl\/index.php\/wp-json\/wp\/v2\/tags?post=117"}],"curies":[{"name":"wp","href":"https:\/\/api.w.org\/{rel}","templated":true}]}}