{"id":1054,"date":"2022-10-17T17:26:00","date_gmt":"2022-10-17T17:26:00","guid":{"rendered":"https:\/\/www.stopspalarni.pl\/?p=1054"},"modified":"2022-10-18T17:29:11","modified_gmt":"2022-10-18T17:29:11","slug":"mija-524-dzien-naszego-protestu","status":"publish","type":"post","link":"https:\/\/www.stopspalarni.pl\/index.php\/2022\/10\/17\/mija-524-dzien-naszego-protestu\/","title":{"rendered":"Mija 524 dzie\u0144 naszego protestu!"},"content":{"rendered":"\n<p>Mija 524 dzie\u0144 naszego protestu przeciwko budowie spalarni \u015bmieci. Za nami oko\u0142o 150 spotka\u0144, niezliczona liczba pism, maili, telefon\u00f3w. Jeszcze d\u0142uga droga do pozytywnego fina\u0142u, ale jeste\u015bmy pewni, \u017ce &#8211; z Wasz\u0105 pomoc\u0105 &#8211; zwyci\u0119\u017cymy!<\/p>\n\n\n\n<p>Komitet spo\u0142eczny STOP wroc\u0142awskiej spalarni spotyka si\u0119 regularnie, KA\u017bDEGO TYGODNIA. Takich spotka\u0144 mamy ju\u017c za sob\u0105 74. Drugie tyle by\u0142o spotka\u0144 nieregularnych &#8211; z samorz\u0105dowcami, politykami, mieszka\u0144cami. Nawet nie obejrzeli\u015bmy si\u0119, gdy min\u0119\u0142o ju\u017c ponad 500 dni od pocz\u0105tku naszego protestu&#8230;<\/p>\n\n\n\n<p>Nie spos\u00f3b zliczy\u0107 ogromnej liczby telefon\u00f3w, maili, pism i po\u015bwi\u0119conego na to wszystko czasu mn\u00f3stwa os\u00f3b zaanga\u017cowanych w dzia\u0142ania. Jednak nie odpuszczamy, bo na to w\u0142a\u015bnie liczy Fortum &#8211; na &#8222;zm\u0119czenie materia\u0142u&#8221;.<\/p>\n\n\n\n<p>Protest w liczbach:<br>\u27a1\ufe0f 524 dni trwaj\u0105 dzia\u0142ania, 7 dni w tygodniu<br>\u27a1\ufe0f 150 spotka\u0144 zwi\u0105zanych z protestem, w tym<br>\u27a1\ufe0f 74 regularne spotkania Komitetu STOP wroc\u0142awskiej spalarni<br>\u27a1\ufe0f 367.430 os\u00f3b w zasi\u0119gu na Facebooku<br>\u27a1\ufe0f 276.788 aktywno\u015bci pod postami<br>\u27a1\ufe0f 115.000 z\u0142 orientacyjnie kosztowa\u0142y ju\u017c dzia\u0142ania, w tym<br>\u27a1\ufe0f 29.520 z\u0142 dwie ekspertyzy prof. Szewczyka<br>\u27a1\ufe0f kilkadziesi\u0105t tysi\u0119cy ulotek rozdali\u015bmy<br>\u27a1\ufe0f 250 banner\u00f3w STOP spalarni nam skradziono<\/p>\n\n\n\n<p>Wszystko to mo\u017cliwe jest dzi\u0119ki wsparciu olbrzymiej rzeszy os\u00f3b, dzi\u0119ki WAM. Czasy mamy bardzo trudne, dopiero co wyszli\u015bmy z pandemii to wybuch\u0142a wojna na Ukrainie, obecnie szaleje inflacja i trwa kryzys energetyczny.<\/p>\n\n\n\n<p>Jednak nie mo\u017cemy odpuszcza\u0107, bo zaszli\u015bmy ju\u017c tak daleko &#8211; Fortum dwukrotnie (!!!) otrzyma\u0142o ju\u017c negatywn\u0105 decyzj\u0119 w sprawie spalarni. Musimy to doprowadzi\u0107 do ko\u0144ca.<\/p>\n\n\n\n<p>Kilka dni temu uruchomili\u015bmy\u00a0Licytacje: STOP wroc\u0142awskiej spalarni <a href=\"https:\/\/www.facebook.com\/groups\/283519236802250\">https:\/\/www.facebook.com\/groups\/283519236802250<\/a>, zach\u0119camy do wystawiania licytacji i licytowania. Ka\u017cda z\u0142ot\u00f3wka nam pomo\u017ce. Mo\u017cecie nas te\u017c wspiera\u0107 lajkami i komentarzami &#8211; to buduje zasi\u0119gi na FB.<\/p>\n\n\n\n<p>Z g\u00f3ry dzi\u0119kujemy!<\/p>\n","protected":false},"excerpt":{"rendered":"<p>Mija 524 dzie\u0144 naszego protestu przeciwko budowie spalarni \u015bmieci. Za nami oko\u0142o 150 spotka\u0144, niezliczona liczba pism, maili, telefon\u00f3w. Jeszcze d\u0142uga droga do pozytywnego fina\u0142u, ale jeste\u015bmy pewni, \u017ce &#8211; z Wasz\u0105 pomoc\u0105 &#8211; zwyci\u0119\u017cymy! Komitet spo\u0142eczny STOP wroc\u0142awskiej spalarni spotyka si\u0119 regularnie, KA\u017bDEGO TYGODNIA. Takich spotka\u0144 mamy ju\u017c za sob\u0105 74. Drugie tyle by\u0142o [&hellip;]<\/p>\n","protected":false},"author":1,"featured_media":1055,"comment_status":"closed","ping_status":"open","sticky":false,"template":"","format":"standard","meta":{"_et_pb_use_builder":"","_et_pb_old_content":"","_et_gb_content_width":"","footnotes":""},"categories":[1],"tags":[],"class_list":["post-1054","post","type-post","status-publish","format-standard","has-post-thumbnail","hentry","category-uncategorized"],"_links":{"self":[{"href":"https:\/\/www.stopspalarni.pl\/index.php\/wp-json\/wp\/v2\/posts\/1054","targetHints":{"allow":["GET"]}}],"collection":[{"href":"https:\/\/www.stopspalarni.pl\/index.php\/wp-json\/wp\/v2\/posts"}],"about":[{"href":"https:\/\/www.stopspalarni.pl\/index.php\/wp-json\/wp\/v2\/types\/post"}],"author":[{"embeddable":true,"href":"https:\/\/www.stopspalarni.pl\/index.php\/wp-json\/wp\/v2\/users\/1"}],"replies":[{"embeddable":true,"href":"https:\/\/www.stopspalarni.pl\/index.php\/wp-json\/wp\/v2\/comments?post=1054"}],"version-history":[{"count":1,"href":"https:\/\/www.stopspalarni.pl\/index.php\/wp-json\/wp\/v2\/posts\/1054\/revisions"}],"predecessor-version":[{"id":1056,"href":"https:\/\/www.stopspalarni.pl\/index.php\/wp-json\/wp\/v2\/posts\/1054\/revisions\/1056"}],"wp:featuredmedia":[{"embeddable":true,"href":"https:\/\/www.stopspalarni.pl\/index.php\/wp-json\/wp\/v2\/media\/1055"}],"wp:attachment":[{"href":"https:\/\/www.stopspalarni.pl\/index.php\/wp-json\/wp\/v2\/media?parent=1054"}],"wp:term":[{"taxonomy":"category","embeddable":true,"href":"https:\/\/www.stopspalarni.pl\/index.php\/wp-json\/wp\/v2\/categories?post=1054"},{"taxonomy":"post_tag","embeddable":true,"href":"https:\/\/www.stopspalarni.pl\/index.php\/wp-json\/wp\/v2\/tags?post=1054"}],"curies":[{"name":"wp","href":"https:\/\/api.w.org\/{rel}","templated":true}]}}